{"id":29908,"date":"2019-04-24T05:00:38","date_gmt":"2019-04-24T09:00:38","guid":{"rendered":"https:\/\/linitiative.ca\/International\/aghbal-tipasa-les-fellahs-veulent-valoriser-leur-fruit-la-prune\/"},"modified":"2019-04-24T05:00:38","modified_gmt":"2019-04-24T09:00:38","slug":"aghbal-tipasa-les-fellahs-veulent-valoriser-leur-fruit-la-prune","status":"publish","type":"post","link":"https:\/\/linitiative.ca\/International\/aghbal-tipasa-les-fellahs-veulent-valoriser-leur-fruit-la-prune\/","title":{"rendered":"Aghbal (Tipasa) :\u00a0Les fellahs veulent valoriser leur fruit, la prune"},"content":{"rendered":"<h4 class=\"title-14\"\/>\n<div class=\"featured_image\"><img width=\"800\" height=\"600\" data-cfsrc=\"https:\/\/www.elwatan.com\/wp-content\/uploads\/2019\/04\/Prunes.gif\" class=\"attachment-post-thumbnail size-post-thumbnail wp-post-image c1\" alt=\"\"\/><noscript><\/p>\n<p><img loading=\"lazy\" decoding=\"async\" width=\"800\" height=\"600\" src=\"https:\/\/www.elwatan.com\/wp-content\/uploads\/2019\/04\/Prunes.gif\" class=\"attachment-post-thumbnail size-post-thumbnail wp-post-image\" alt=\"\"\/><\/p>\n<p><\/noscript><\/div>\n<p class=\"p4\"><span class=\"s2\"><strong>Selon la CAW de Tipasa, environ 200 producteurs de prunes sont recens\u00e9s dans la commune d\u2019Aghbal, sur une superficie qui avoisine les 120 hectares.<\/strong><\/span><\/p>\n<p class=\"p4\"><span class=\"s3\"><strong>L<\/strong><\/span><span class=\"s2\">a Chambre agricole de la wilaya (CAW) de Tipasa a pris l\u2019initiative de r\u00e9unir les agriculteurs de la commune rurale d\u2019Aghbal au niveau du si\u00e8ge de l\u2019APC, mercredi dernier, pour les mobiliser d\u2019abord, et ensuite les encourager \u00e0 se concerter dans le but de valoriser le fruit de leur r\u00e9gion, \u00e0 savoir la prune.<\/span><\/p>\n<p class=\"p4\"><span class=\"s2\">La r\u00e9flexion est d\u00e9sormais engag\u00e9e afin de trouver la meilleure strat\u00e9gie pour rendre cette zone montagneuse plus attractive, de surcro\u00eet avec un point de mire, la labellisation de la prune d\u2019Aghbal. Le secr\u00e9taire g\u00e9n\u00e9ral de la CAW \u00e9tait accompagn\u00e9 d\u2019un repr\u00e9sentant de la Direction des services agricoles (DSA).<\/span><\/p>\n<p class=\"p4\"><span class=\"s2\">Il avait pr\u00e9sent\u00e9 aux fellahs les \u00e9tapes \u00e0 suivre afin de pouvoir labelliser la prune d\u2019Aghbal, un avantage dans la vie \u00e9conomique et sociale locale et son impact dans la pr\u00e9servation environnementale. L\u2019organisation devra \u00eatre entam\u00e9e par la cr\u00e9ation d\u2019une association des producteurs de la prune d\u2019Aghbal.<\/span><\/p>\n<p class=\"p4\"><span class=\"s2\">D\u2019ailleurs, neuf fellahs avaient manifest\u00e9 leur int\u00e9r\u00eat. Ils avaient d\u00e9pos\u00e9 leurs dossiers en vue de se constituer en association locale. Il ressort qu\u2019\u00e0 l\u2019issue de cette rencontre d\u2019Aghbal, les probl\u00e8mes pos\u00e9s, il y a quelques ann\u00e9es, ne sont toujours pas r\u00e9solus, en d\u00e9pit des promesses \u00abofficielles\u00bb, notamment l\u2019absence de pistes pour acc\u00e9der aux exploitations agricoles, et le d\u00e9ficit en ressources hydriques.<\/span><\/p>\n<p class=\"p4\"><span class=\"s2\">Il n\u2019en demeure pas moins que l\u2019autre difficult\u00e9 est relative au refus de certains h\u00e9ritiers dans le morcellement, entra\u00eenant l\u2019abandon des terres agricoles. L\u2019exigu\u00eft\u00e9 d\u2019autres parcelles agricoles emp\u00eachent l\u2019introduction des \u00e9quipements technologiques dans les exploitations identifi\u00e9es.<\/span><\/p>\n<p class=\"p4\"><span class=\"s2\">Cette richesse locale a de bonnes perspectives dans la mesure o\u00f9 la prise en charge des probl\u00e8mes sera effective. Selon la CAW de Tipasa, environ 200 producteurs de prunes sont recens\u00e9s dans la commune d\u2019Aghbal, pour une superficie qui avoisine les 120 hectares.<\/span><\/p>\n<p class=\"p4\"><span class=\"s2\">La production moyenne annuelle de prunes dans cette partie de la wilaya de Tipasa s\u2019\u00e9l\u00e8ve \u00e0 14\u00a0000 quintaux. La vari\u00e9t\u00e9 de prunes Golden Japan occupe 60 ha, soit la moiti\u00e9 de la superficie globale. Les autres vari\u00e9t\u00e9s, en l\u2019occurrence la Santa Rosa, la prune rouge, la prune tomate et enfin la prune c\u0153ur de b\u0153uf sont produites \u00e9galement \u00e0 Aghbal.<\/span><\/p>\n<p class=\"p4\"><span class=\"s2\">L\u2019id\u00e9e de construire une unit\u00e9 de s\u00e9chage de prunes est lanc\u00e9e, d\u2019autant plus que l\u2019UDES (unit\u00e9 de d\u00e9veloppement des \u00e9nergies solaires) de Bou Isma\u00efl (Tipasa) produit des unit\u00e9s de s\u00e9chage, fonctionnant \u00e0 l\u2019\u00e9nergie solaire. Un investissement entier r\u00e9alisable dans la wilaya de Tipasa.<\/span><\/p>\n<p class=\"p4\"><span class=\"s2\">Aghbal demeure une commune rurale d\u00e9sh\u00e9rit\u00e9e de la wilaya depuis sa cr\u00e9ation. Elle est perch\u00e9e au milieu des massifs forestiers de l\u2019ouest de la wilaya. Elle se situe \u00e0 une centaine de km au sud\/ouest du chef-lieu de la wilaya. Elle rel\u00e8ve de la da\u00efra de Gouraya. La localit\u00e9 d\u2019Aghbal avait subi les affres des hordes criminelles durant les ann\u00e9es 90\u2019.\u00a0<\/span><\/p>\n<div class=\"yuzo_related_post style-1\" data-version=\"5.12.88\">\n<p><h3>Related Post<\/h3>\n<\/p>\n<div class=\"yuzo_wraps\">\n<div class=\"relatedthumb relatedpost-519451 c11\"><a href=\"https:\/\/www.elwatan.com\/regions\/sud\/actu-sud\/80-affaires-inscrites-au-role-2-18-10-2016\"\/><\/p>\n<p><span class=\"yuzo__text--title c10\">80 affaires inscrites au r\u00f4le<\/span><\/div>\n<div class=\"relatedthumb relatedpost-560939 c11\"><a href=\"https:\/\/www.elwatan.com\/edition\/sports\/programmation-des-matchs-la-faf-doit-prendre-ses-responsabilites-28-02-2019\"\/><\/p>\n<p><span class=\"yuzo__text--title c10\">Programmation des matchs : La FAF doit prendre ses&#8230;<\/span><\/div>\n<div class=\"relatedthumb relatedpost-562252 c11\"><a href=\"https:\/\/www.elwatan.com\/edition\/actualite\/dimposantes-marches-attendues-ce-vendredi-06-03-2019\"\/><\/p>\n<p><span class=\"yuzo__text--title c10\">D\u2019imposantes marches attendues ce vendredi<\/span><\/div>\n<div class=\"relatedthumb relatedpost-560924 c11\"><a href=\"https:\/\/www.elwatan.com\/regions\/ouest\/bel-abes\/sidi-bel-abbes-grogne-interne-au-sein-de-lugta-28-02-2019\"\/><\/p>\n<p><span class=\"yuzo__text--title c10\">Sidi Bel Abb\u00e8s : Grogne interne au sein de l\u2019UGTA&#8230;<\/span><\/div>\n<\/div>\n<\/div>\n<p><span class=\"post-views-label\">Post Views:<\/span> <span class=\"post-views-count\">4<\/span><\/p>\n<p>Auteur: Anis Khecheba<br \/>\n<a href=\"https:\/\/www.elwatan.com\/regions\/centre\/tipasa\/aghbal-tipasa-les-fellahs-veulent-valoriser-leur-fruit-la-prune-24-04-2019\">Cliquez ici pour lire l&rsquo;article depuis sa source.<\/a><\/p>\n","protected":false},"excerpt":{"rendered":"<p>Selon la CAW de Tipasa, environ 200 producteurs de prunes sont recens\u00e9s dans la commune d\u2019Aghbal, sur une superficie qui avoisine les 120 hectares. La Chambre agricole de la wilaya (CAW) de Tipasa a pris l\u2019initiative de r\u00e9unir les agriculteurs de la commune rurale d\u2019Aghbal au niveau du si\u00e8ge de l\u2019APC, mercredi dernier, pour les [&hellip;]<\/p>\n","protected":false},"author":1743,"featured_media":29910,"comment_status":"closed","ping_status":"closed","sticky":false,"template":"","format":"standard","meta":{"fifu_image_url":"","fifu_image_alt":"","footnotes":""},"categories":[73,53],"tags":[],"class_list":["post-29908","post","type-post","status-publish","format-standard","has-post-thumbnail","hentry","category-actualite","category-algerie"],"_links":{"self":[{"href":"https:\/\/linitiative.ca\/International\/wp-json\/wp\/v2\/posts\/29908","targetHints":{"allow":["GET"]}}],"collection":[{"href":"https:\/\/linitiative.ca\/International\/wp-json\/wp\/v2\/posts"}],"about":[{"href":"https:\/\/linitiative.ca\/International\/wp-json\/wp\/v2\/types\/post"}],"author":[{"embeddable":true,"href":"https:\/\/linitiative.ca\/International\/wp-json\/wp\/v2\/users\/1743"}],"replies":[{"embeddable":true,"href":"https:\/\/linitiative.ca\/International\/wp-json\/wp\/v2\/comments?post=29908"}],"version-history":[{"count":0,"href":"https:\/\/linitiative.ca\/International\/wp-json\/wp\/v2\/posts\/29908\/revisions"}],"wp:featuredmedia":[{"embeddable":true,"href":"https:\/\/linitiative.ca\/International\/wp-json\/"}],"wp:attachment":[{"href":"https:\/\/linitiative.ca\/International\/wp-json\/wp\/v2\/media?parent=29908"}],"wp:term":[{"taxonomy":"category","embeddable":true,"href":"https:\/\/linitiative.ca\/International\/wp-json\/wp\/v2\/categories?post=29908"},{"taxonomy":"post_tag","embeddable":true,"href":"https:\/\/linitiative.ca\/International\/wp-json\/wp\/v2\/tags?post=29908"}],"curies":[{"name":"wp","href":"https:\/\/api.w.org\/{rel}","templated":true}]}}