{"id":29911,"date":"2019-04-24T05:10:25","date_gmt":"2019-04-24T09:10:25","guid":{"rendered":"https:\/\/linitiative.ca\/International\/marche-des-travailleurs-de-cevital-a-bejaia-liberez-rebrab-arretez-said\/"},"modified":"2019-04-24T05:10:25","modified_gmt":"2019-04-24T09:10:25","slug":"marche-des-travailleurs-de-cevital-a-bejaia-liberez-rebrab-arretez-said","status":"publish","type":"post","link":"https:\/\/linitiative.ca\/International\/marche-des-travailleurs-de-cevital-a-bejaia-liberez-rebrab-arretez-said\/","title":{"rendered":"Marche des travailleurs de Cevital \u00e0 B\u00e9ja\u00efa : \u00abLib\u00e9rez Rebrab, arr\u00eatez Sa\u00efd !\u00bb"},"content":{"rendered":"<h4 class=\"title-14\"\/>\n<div class=\"featured_image\"><img width=\"800\" height=\"600\" data-cfsrc=\"https:\/\/www.elwatan.com\/wp-content\/uploads\/2019\/04\/Rebrab-e1556064523377.jpg\" class=\"attachment-post-thumbnail size-post-thumbnail wp-post-image c1\" alt=\"\"\/><noscript><\/p>\n<p><img loading=\"lazy\" decoding=\"async\" width=\"800\" height=\"600\" src=\"https:\/\/www.elwatan.com\/wp-content\/uploads\/2019\/04\/Rebrab-e1556064523377.jpg\" class=\"attachment-post-thumbnail size-post-thumbnail wp-post-image\" alt=\"\"\/><\/p>\n<p><\/noscript> <span class=\"featured-image-caption\">(Photo : D.R.)<\/span><\/div>\n<p>Urgemment, des centaines de travailleurs de Cevital, rejoints par des repr\u00e9sentants de la soci\u00e9t\u00e9 civile, ont improvis\u00e9, dans l\u2019apr\u00e8s-midi d\u2019hier, une marche dans les rues de B\u00e9ja\u00efa pour exiger la lib\u00e9ration de l\u2019homme d\u2019affaires Issad Rebrab, patron du groupe agroalimentaire, mis sous mandat de d\u00e9p\u00f4t la veille par le tribunal de Sidi M\u2019hamed.<\/p>\n<p>La foule s\u2019est rassembl\u00e9e au complexe agroalimentaire, d\u2019o\u00f9 a d\u00e9marr\u00e9 la marche dans un climat de choc et d\u2019inqui\u00e9tudes.<\/p>\n<p>La destination est symbolique : la cour de justice de la ville, pour dire les soup\u00e7ons d\u2019une instrumentalisation d\u00e9testable. Des pancartes ont \u00e9t\u00e9 confectionn\u00e9es \u00e0 la h\u00e2te avec des mots d\u2019ordre urgents : \u00abLib\u00e9rez Issad Rebrab, cr\u00e9ateur de richesses\u00bb, \u00abNon \u00e0 un Etat de non-droit\u00bb, \u00abNous sommes tous des Rebrab\u00bb. \u00abNous ne sommes pas des salari\u00e9s mais ses enfants\u00bb, s\u2019exprime, sur un \u00e9criteau, un travailleur de Cevital, sorti en combinaison de travail et avec casque antibruit.<\/p>\n<p>Des travailleurs de Metal Structure, usine de fabrication de charpente m\u00e9tallique, bas\u00e9e \u00e0 Bouira et appartenant au m\u00eame groupe, ont particip\u00e9 \u00e0 l\u2019action. \u00abNous avons laiss\u00e9 l\u2019usine presque \u00e0 l\u2019arr\u00eat pour venir ici\u00bb, nous dit l\u2019un d\u2019eux.<\/p>\n<p>La foule a cri\u00e9 au cours de tout le trajet un slogan revendicatif qui assemble deux exigences dont celle qui d\u00e9nonce implicitement une justice s\u00e9lective et implique Sa\u00efd Bouteflika, le fr\u00e8re-conseiller du Pr\u00e9sident d\u00e9mis par la rue : \u00abLib\u00e9rez Rebrab, awit (arr\u00eatez) Sa\u00efd\u00bb.<\/p>\n<p>Devant le si\u00e8ge de la cour, o\u00f9 ont lieu des prises de parole, une minute de silence a \u00e9t\u00e9 observ\u00e9e \u00e0 la m\u00e9moire des victimes de l\u2019effondrement de l\u2019immeuble de La Casbah. \u00abNous sommes des nationalistes\u00bb, a cri\u00e9 dans le m\u00e9gaphone Khaled Tazaghart, le d\u00e9put\u00e9 d\u00e9missionnaire.<\/p>\n<p>C\u2019est \u00e0 ce m\u00eame endroit qu\u2019il y a quelques jours, des juges ont brandi des banderoles, se sont rebell\u00e9s contre leur tutelle et ont revendiqu\u00e9 l\u2019ind\u00e9pendance de la justice. La revendication est rappel\u00e9e autrement par les manifestants d\u2019hier. \u00abCelui qui a import\u00e9 une machine est en prison, ceux qui ont import\u00e9 de la coca\u00efne sont en libert\u00e9 !\u00bb s\u2019est-on exclam\u00e9 sur une banderole.<\/p>\n<p>Les manifestants ont continu\u00e9 leur marche jusqu\u2019au si\u00e8ge de la wilaya o\u00f9 l\u2019on a repris les prises de parole et adress\u00e9 des messages et des mises en garde aux tenants du pouvoir. \u00abMonsieur Ga\u00efd Salah, messieurs les d\u00e9cideurs, Issad Rebrab est notre fiert\u00e9\u00bb, lance Mourad Bouzidi, porte-parole de la coordination nationale de soutien aux travailleurs de Cevital et aux investissements \u00e9conomiques.<\/p>\n<p>N\u00e9e pour revendiquer la lib\u00e9ration des projets toujours bloqu\u00e9s de Cevital, dont celui de l\u2019usine de trituration de graines ol\u00e9agineuses \u00e0 B\u00e9ja\u00efa, la coordination se voit ainsi pouss\u00e9e \u00e0 exiger la lib\u00e9ration du PDG de Cevital. La coordination s\u2019appr\u00eate \u00e0 reprendre son programme de protestation qu\u2019elle avait mis en veilleuse depuis le d\u00e9clenchement du mouvement populaire et l\u2019appliquer pour la nouvelle urgence.<\/p>\n<p>On compte reconvoquer les m\u00eames actions de rue. Mourad Bouzidi en appelle \u00e0 la solidarit\u00e9 des leaders et des militants politiques et associatifs pour faire jonction autour de la m\u00eame revendication de la lib\u00e9ration d\u2019Issad Rebrab. \u00abC\u2019est un homme de 75 ans, attention \u00e0 ce qui pourrait lui arriver.<\/p>\n<p>Si nous nous taisons aujourd\u2019hui sur ce qui se passe avec Rebrab, c\u2019est que nous sommes consentants et complices\u00bb, alerte-t-il. \u00abL\u2019Etat veut nous imposer des fixations pour qu\u2019on oublie l\u2019essentiel.<\/p>\n<p>Nous voulons le d\u00e9part de tout l\u2019alphabet du syst\u00e8me\u00bb, d\u00e9clare Khaled Tazaghat devant le si\u00e8ge de la wilaya. \u00abNous avons le droit de d\u00e9fendre les hommes de notre pays.<\/p>\n<p>Ils n\u2019ont pas honte de toucher \u00e0 un homme comme Rebrab qui est respect\u00e9 partout ailleurs\u00a0?\u00bb s\u2019exclame, outr\u00e9, l\u2019ex-d\u00e9put\u00e9 qui consid\u00e8re l\u2019homme d\u2019affaires comme un \u00abh\u00e9ros national\u00bb pour, explique-t-il, sa contribution cons\u00e9quente \u00e0 l\u2019\u00e9conomie nationale.<\/p>\n<p>\u00abIl sera lib\u00e9r\u00e9 comme l\u2019a \u00e9t\u00e9 Nelson Mandela\u00bb, ajoute-t-il, proposant de manifester pour cela tous les jours de la semaine. \u00abCe n\u2019est pas une affaire des fonctionnaires de Cevital ou des Kabyles, c\u2019est une affaire de dignit\u00e9 humaine\u00bb, s\u2019\u00e9crie Khaled Tazaghart.<\/p>\n<div class=\"yuzo_related_post style-1\" data-version=\"5.12.88\">\n<p><h3>Related Post<\/h3>\n<\/p>\n<div class=\"yuzo_wraps\">\n<div class=\"relatedthumb relatedpost-478774 c11\"><a href=\"https:\/\/www.elwatan.com\/edition\/actualite\/don-dorganes-la-vie-en-partage-04-01-2019\"\/><\/p>\n<p><span class=\"yuzo__text--title c10\">Don d\u2019organes : La\u00a0vie en partage<\/span><\/div>\n<div class=\"relatedthumb relatedpost-554743 c11\"><a href=\"https:\/\/www.elwatan.com\/regions\/kabylie\/tizi-ouzou\/tizi-ntleta-des-collegiens-prives-de-cours-23-01-2019\"\/><\/p>\n<p><span class=\"yuzo__text--title c10\">Tizi N\u2019tl\u00e9ta : Des coll\u00e9giens priv\u00e9s de cours<\/span><\/div>\n<\/div>\n<\/div>\n<p><span class=\"post-views-label\">Post Views:<\/span> <span class=\"post-views-count\">178<\/span><\/p>\n<p>Auteur: Hicham Chouadria<br \/>\n<a href=\"https:\/\/www.elwatan.com\/edition\/actualite\/marche-des-travailleurs-de-cevital-a-bejaia-liberez-rebrab-arretez-said-24-04-2019\">Cliquez ici pour lire l&rsquo;article depuis sa source.<\/a><\/p>\n","protected":false},"excerpt":{"rendered":"<p>(Photo : D.R.) Urgemment, des centaines de travailleurs de Cevital, rejoints par des repr\u00e9sentants de la soci\u00e9t\u00e9 civile, ont improvis\u00e9, dans l\u2019apr\u00e8s-midi d\u2019hier, une marche dans les rues de B\u00e9ja\u00efa pour exiger la lib\u00e9ration de l\u2019homme d\u2019affaires Issad Rebrab, patron du groupe agroalimentaire, mis sous mandat de d\u00e9p\u00f4t la veille par le tribunal de Sidi [&hellip;]<\/p>\n","protected":false},"author":1743,"featured_media":29912,"comment_status":"closed","ping_status":"closed","sticky":false,"template":"","format":"standard","meta":{"fifu_image_url":"","fifu_image_alt":"","footnotes":""},"categories":[73,53],"tags":[],"class_list":["post-29911","post","type-post","status-publish","format-standard","has-post-thumbnail","hentry","category-actualite","category-algerie"],"_links":{"self":[{"href":"https:\/\/linitiative.ca\/International\/wp-json\/wp\/v2\/posts\/29911","targetHints":{"allow":["GET"]}}],"collection":[{"href":"https:\/\/linitiative.ca\/International\/wp-json\/wp\/v2\/posts"}],"about":[{"href":"https:\/\/linitiative.ca\/International\/wp-json\/wp\/v2\/types\/post"}],"author":[{"embeddable":true,"href":"https:\/\/linitiative.ca\/International\/wp-json\/wp\/v2\/users\/1743"}],"replies":[{"embeddable":true,"href":"https:\/\/linitiative.ca\/International\/wp-json\/wp\/v2\/comments?post=29911"}],"version-history":[{"count":0,"href":"https:\/\/linitiative.ca\/International\/wp-json\/wp\/v2\/posts\/29911\/revisions"}],"wp:featuredmedia":[{"embeddable":true,"href":"https:\/\/linitiative.ca\/International\/wp-json\/"}],"wp:attachment":[{"href":"https:\/\/linitiative.ca\/International\/wp-json\/wp\/v2\/media?parent=29911"}],"wp:term":[{"taxonomy":"category","embeddable":true,"href":"https:\/\/linitiative.ca\/International\/wp-json\/wp\/v2\/categories?post=29911"},{"taxonomy":"post_tag","embeddable":true,"href":"https:\/\/linitiative.ca\/International\/wp-json\/wp\/v2\/tags?post=29911"}],"curies":[{"name":"wp","href":"https:\/\/api.w.org\/{rel}","templated":true}]}}