{"id":29914,"date":"2019-04-24T05:15:00","date_gmt":"2019-04-24T09:15:00","guid":{"rendered":"https:\/\/linitiative.ca\/International\/contre-revolution-clanique-trahison-du-peuple\/"},"modified":"2019-04-24T05:15:00","modified_gmt":"2019-04-24T09:15:00","slug":"contre-revolution-clanique-trahison-du-peuple","status":"publish","type":"post","link":"https:\/\/linitiative.ca\/International\/contre-revolution-clanique-trahison-du-peuple\/","title":{"rendered":"Contre-r\u00e9volution clanique : trahison du peuple"},"content":{"rendered":"<h4 class=\"title-14\"\/>\n<div class=\"featured_image\"><img width=\"400\" height=\"534\" data-cfsrc=\"https:\/\/www.elwatan.com\/wp-content\/uploads\/2019\/02\/SAADI.jpg\" class=\"attachment-post-thumbnail size-post-thumbnail wp-post-image c1\" alt=\"\" srcset=\"https:\/\/www.elwatan.com\/wp-content\/uploads\/2019\/02\/SAADI.jpg 400w, https:\/\/www.elwatan.com\/wp-content\/uploads\/2019\/02\/SAADI-225x300.jpg 225w\" sizes=\"(max-width: 400px) 100vw, 400px\"\/><noscript><\/p>\n<p><img loading=\"lazy\" decoding=\"async\" width=\"400\" height=\"534\" src=\"https:\/\/www.elwatan.com\/wp-content\/uploads\/2019\/02\/SAADI.jpg\" class=\"attachment-post-thumbnail size-post-thumbnail wp-post-image\" alt=\"\" srcset=\"https:\/\/www.elwatan.com\/wp-content\/uploads\/2019\/02\/SAADI.jpg 400w, https:\/\/www.elwatan.com\/wp-content\/uploads\/2019\/02\/SAADI-225x300.jpg 225w\" sizes=\"auto, (max-width: 400px) 100vw, 400px\"\/><\/p>\n<p><\/noscript><\/div>\n<p>Depuis maintenant plus de deux mois, le peuple alg\u00e9rien, debout et solidaire, exprime pacifiquement sa volont\u00e9 d\u2019en finir avec un syst\u00e8me politique ill\u00e9gitime, violent et corrompu, qui lui a confisqu\u00e9 droits et libert\u00e9s depuis le premier jour de son ind\u00e9pendance.<\/p>\n<p>Pour la premi\u00e8re fois de leur jeune histoire, les Alg\u00e9riens, fiers de leur pays, regardent avec confiance l\u2019avenir.<br \/>Surpris par l\u2019ampleur des manifestations, le pouvoir a tent\u00e9 de recourir aux traditionnelles menaces \u00e0 l\u2019instabilit\u00e9 ou la main de l\u2019\u00e9tranger, avant de se r\u00e9soudre \u00e0 admettre, verbalement, la l\u00e9gitimit\u00e9 des revendications d\u2019un mouvement sans pr\u00e9c\u00e9dent.<\/p>\n<p>Quitte \u00e0 ne rien c\u00e9der sur le fond, malgr\u00e9 les probl\u00e8mes qui bousculent le r\u00e9gime. Les deux clans qui se disputaient, dans l\u2019ombre, les faveurs de Bouteflika, sont d\u00e9sormais face \u00e0 face. L\u2019un, regroup\u00e9 autour de l\u2019ancien chef du DRS, et l\u2019autre men\u00e9 par le chef d\u2019\u00e9tat-major de l\u2019arm\u00e9e s\u2019opposent publiquement sur la fa\u00e7on d\u2019\u00e9touffer, de d\u00e9tourner ou de faire avorter la r\u00e9volution du 22 f\u00e9vrier.<\/p>\n<p>Au premier, on pr\u00eate des dossiers qu\u2019il d\u00e9tiendrait sur son adversaire. Il tente \u00e9galement d\u2019infiltrer le mouvement citoyen par des slogans tendancieux et des op\u00e9rations de d\u00e9stabilisation r\u00e9cup\u00e9ration. Le second, pour sa part, n\u2019h\u00e9site pas \u00e0 instrumentaliser les d\u00e9membrements de l\u2019Etat pour renforcer ses positions. La justice \u00e9tant missionn\u00e9e dans des op\u00e9rations dignes des pires ann\u00e9es de plomb.<\/p>\n<p>Cette r\u00e9gression n\u2019augure de rien de bon. Une fois de plus, l\u2019Alg\u00e9rie est prise en otage par deux clans militaires, fa\u00e7onn\u00e9s par la vieille culture faite de violence et d\u2019opacit\u00e9. Ces affrontements chaotiques mettent en p\u00e9ril la nation que la jeunesse, suivie par le peuple unanime, a ressuscit\u00e9e dans la rue avec une dignit\u00e9 et un patriotisme exemplaires.<\/p>\n<p>Cette r\u00e9surrection nationale inesp\u00e9r\u00e9e est aujourd\u2019hui menac\u00e9e par des ambitions de personnes irresponsables dont les int\u00e9r\u00eats sont aux antipodes des attentes des Alg\u00e9riens. La tentative de normalisation visant \u00e0 domestiquer l\u2019insurrection citoyenne par un path\u00e9tique processus de caporalisation constitutionnelle a d\u2019ores et d\u00e9j\u00e0 lamentablement \u00e9chou\u00e9.<\/p>\n<p>D\u2019o\u00f9 la fuite en avant dans une contre-r\u00e9volution assumant la trahison des aspirations de tout un peuple rassembl\u00e9 par et dans le devoir de patriotisme.<\/p>\n<p>La strat\u00e9gie contre-r\u00e9volutionnaire est d\u00e9sormais clairement d\u00e9voil\u00e9e. Des d\u00e9cisions judiciaires ou administratives sont prises pour entretenir la confusion des responsabilit\u00e9s, dresser les communaut\u00e9s nationales les unes contre les autres et d\u00e9voyer la r\u00e9volution. C\u2019est ainsi qu\u2019une vaste op\u00e9ration de provocation est mise en place en Kabylie.<\/p>\n<p>Les deux clans, chacun \u00e0 sa mani\u00e8re, s\u2019emploient \u00e0 provoquer des r\u00e9actions violentes dans cette r\u00e9gion, esp\u00e9rant ainsi \u00e9garer et briser la dynamique nationale qui en appelle collectivement et r\u00e9solument \u00e0 un changement radical de syst\u00e8me.<\/p>\n<p>Cette pression mafieuse commence \u00e0 produire des effets qu\u2019il est urgent de combattre.<\/p>\n<p>Des organisations socioprofessionnelles longtemps client\u00e9lis\u00e9es ont, malgr\u00e9 tout, \u00e9t\u00e9 amen\u00e9es \u00e0 s\u2019aligner sur la r\u00e9volution citoyenne du 22 f\u00e9vrier. Depuis quelques jours, ces repositionnements, souvent ambigus et opportunistes, font place \u00e0 des d\u00e9clarations paradoxales o\u00f9 l\u2019all\u00e9geance \u00e0 une direction de l\u2019arm\u00e9e, aveugle et prisonni\u00e8re de ses vieux d\u00e9mons, est suivie d\u2019appels \u00e0 \u00abla satisfaction des revendications du peuple\u00bb.<\/p>\n<p>Le peuple alg\u00e9rien s\u2019est soulev\u00e9 pour l\u2019av\u00e8nement d\u2019un nouveau syst\u00e8me politique bas\u00e9, entre autres, sur l\u2019Etat de droit et la libre information. Rien ne pourra l\u2019arr\u00eater. L\u2019asservissement \u00e9hont\u00e9 de la justice et la g\u00e9n\u00e9ralisation de la d\u00e9sinformation-diffamation sont les expressions les plus violentes de la trahison de la r\u00e9volution civique, salu\u00e9e de par le monde.<\/p>\n<p>La guerre des clans militaristes, que nous avons maintes fois \u00e9prouv\u00e9e, n\u2019est pas la solution mais la cause du malheur alg\u00e9rien. Notre combat peut \u00eatre long, mais sa r\u00e9ussite est in\u00e9luctable.<\/p>\n<p>Seule la p\u00e9rennit\u00e9 du mouvement citoyen peut permettre \u00e0 l\u2019Alg\u00e9rien de recouvrer droits fondamentaux et ma\u00eetrise de l\u2019exploitation et de la juste r\u00e9partition de la richesse nationale.<\/p>\n<p>Cette p\u00e9rennit\u00e9 passe par deux imp\u00e9ratifs : pr\u00e9servation du caract\u00e8re pacifique et unit\u00e9 du mouvement. Il faudra les r\u00e9affirmer avec force d\u00e8s ce vendredi, en attendant d\u2019initier d\u2019autres formes de lutte qui relaieront et amplifieront l\u2019\u00e9cho des manifestations jusqu\u2019\u00e0 la victoire de la dignit\u00e9, de la libert\u00e9 et de la justice.<\/p>\n<p>Au-del\u00e0 de sa dimension lib\u00e9ratrice, la poursuite et le succ\u00e8s de la r\u00e9volution est d\u2019abord une question de survie nationale.<\/p>\n<p>Aux vis\u00e9es des puissances traditionnellement actives dans notre r\u00e9gion, s\u2019ajoutent maintenant d\u2019autres dangers. Certaines p\u00e9tro-monarchies ne cherchent m\u00eame plus \u00e0 dissimuler leurs vell\u00e9it\u00e9s de neutralisation du processus r\u00e9volutionnaire en cours.<\/p>\n<p>La r\u00e9volution du 22 f\u00e9vrier prolonge la lib\u00e9ration du pays, incarne et prot\u00e8ge la souverainet\u00e9 nationale.<\/p>\n<p>Par <strong>Sa\u00efd Sadi<\/strong><\/p>\n<div class=\"yuzo_related_post style-1\" data-version=\"5.12.88\">\n<p><h3>Related Post<\/h3>\n<\/p>\n<div class=\"yuzo_wraps\">\n<div class=\"relatedthumb relatedpost-562374 c11\"><a href=\"https:\/\/www.elwatan.com\/edition\/culture\/institut-du-monde-arabe-sous-la-pression-il-deprogramme-une-chanteuse-sahraouie-2-07-03-2019\"\/><\/p>\n<p><span class=\"yuzo__text--title c10\">Institut du monde arabe :\u00a0Sous la pression, il d\u00e9p&#8230;<\/span><\/div>\n<div class=\"relatedthumb relatedpost-554798 c11\"><a href=\"https:\/\/www.elwatan.com\/regions\/ouest\/bel-abes\/sidi-bel-abbes-grogne-des-habitants-de-saf-saf-24-01-2019\"\/><\/p>\n<p><span class=\"yuzo__text--title c10\">Sidi Bel Abb\u00e8s :\u00a0Grogne des habitants de Saf Saf<\/span><\/div>\n<div class=\"relatedthumb relatedpost-558263 c11\"><a href=\"https:\/\/www.elwatan.com\/edition\/economie\/ouargla-deux-centrales-solaires-sur-la-route-de-gassi-touil-14-02-2019\"\/><\/p>\n<p><span class=\"yuzo__text--title c10\">Ouargla :\u00a0Deux centrales solaires sur la route de &#8230;<\/span><\/div>\n<div class=\"relatedthumb relatedpost-152366 c11\"><a href=\"https:\/\/www.elwatan.com\/archives\/archives-environnement\/un-algerien-prime-a-bahrein-pour-son-engagement-pour-lecologie-28-09-2018\"\/><\/p>\n<p><span class=\"yuzo__text--title c10\">Un Alg\u00e9rien prim\u00e9 \u00e0 Bahre\u00efn pour son\u00a0engagement po&#8230;<\/span><\/div>\n<\/div>\n<\/div>\n<p><span class=\"post-views-label\">Post Views:<\/span> <span class=\"post-views-count\">93<\/span><\/p>\n<p>Auteur: Hicham Chouadria<br \/>\n<a href=\"https:\/\/www.elwatan.com\/edition\/actualite\/contre-revolution-clanique-trahison-du-peuple-24-04-2019\">Cliquez ici pour lire l&rsquo;article depuis sa source.<\/a><\/p>\n","protected":false},"excerpt":{"rendered":"<p>Depuis maintenant plus de deux mois, le peuple alg\u00e9rien, debout et solidaire, exprime pacifiquement sa volont\u00e9 d\u2019en finir avec un syst\u00e8me politique ill\u00e9gitime, violent et corrompu, qui lui a confisqu\u00e9 droits et libert\u00e9s depuis le premier jour de son ind\u00e9pendance. Pour la premi\u00e8re fois de leur jeune histoire, les Alg\u00e9riens, fiers de leur pays, regardent [&hellip;]<\/p>\n","protected":false},"author":1743,"featured_media":29915,"comment_status":"closed","ping_status":"closed","sticky":false,"template":"","format":"standard","meta":{"fifu_image_url":"","fifu_image_alt":"","footnotes":""},"categories":[73,53],"tags":[],"class_list":["post-29914","post","type-post","status-publish","format-standard","has-post-thumbnail","hentry","category-actualite","category-algerie"],"_links":{"self":[{"href":"https:\/\/linitiative.ca\/International\/wp-json\/wp\/v2\/posts\/29914","targetHints":{"allow":["GET"]}}],"collection":[{"href":"https:\/\/linitiative.ca\/International\/wp-json\/wp\/v2\/posts"}],"about":[{"href":"https:\/\/linitiative.ca\/International\/wp-json\/wp\/v2\/types\/post"}],"author":[{"embeddable":true,"href":"https:\/\/linitiative.ca\/International\/wp-json\/wp\/v2\/users\/1743"}],"replies":[{"embeddable":true,"href":"https:\/\/linitiative.ca\/International\/wp-json\/wp\/v2\/comments?post=29914"}],"version-history":[{"count":0,"href":"https:\/\/linitiative.ca\/International\/wp-json\/wp\/v2\/posts\/29914\/revisions"}],"wp:featuredmedia":[{"embeddable":true,"href":"https:\/\/linitiative.ca\/International\/wp-json\/"}],"wp:attachment":[{"href":"https:\/\/linitiative.ca\/International\/wp-json\/wp\/v2\/media?parent=29914"}],"wp:term":[{"taxonomy":"category","embeddable":true,"href":"https:\/\/linitiative.ca\/International\/wp-json\/wp\/v2\/categories?post=29914"},{"taxonomy":"post_tag","embeddable":true,"href":"https:\/\/linitiative.ca\/International\/wp-json\/wp\/v2\/tags?post=29914"}],"curies":[{"name":"wp","href":"https:\/\/api.w.org\/{rel}","templated":true}]}}