{"id":29916,"date":"2019-04-24T05:17:42","date_gmt":"2019-04-24T09:17:42","guid":{"rendered":"https:\/\/linitiative.ca\/International\/arrestation-dissad-rebrab-patron-de-cevital-manoeuvre-pour-diviser-le-mouvement-populaire\/"},"modified":"2019-04-24T05:17:42","modified_gmt":"2019-04-24T09:17:42","slug":"arrestation-dissad-rebrab-patron-de-cevital-manoeuvre-pour-diviser-le-mouvement-populaire","status":"publish","type":"post","link":"https:\/\/linitiative.ca\/International\/arrestation-dissad-rebrab-patron-de-cevital-manoeuvre-pour-diviser-le-mouvement-populaire\/","title":{"rendered":"Arrestation d\u2019Issad Rebrab, patron de Cevital :  Man\u0153uvre pour diviser le mouvement populaire ?"},"content":{"rendered":"<h4 class=\"title-14\"\/>\n<p>Le patron de Cevital, Issad Rebrab, a \u00e9t\u00e9 le premier homme d\u2019affaires \u00e0 \u00eatre arr\u00eat\u00e9 dans le sillage du lancement d\u2019une suppos\u00e9e op\u00e9ration \u00abmains propres\u00bb. L\u2019information relative \u00e0 l\u2019arrestation d\u2019Issad Rebrab s\u2019est r\u00e9pandue comme une tra\u00een\u00e9e de poudre chez l\u2019ensemble des Alg\u00e9riens et a provoqu\u00e9 moult r\u00e9actions.<\/p>\n<p>Si les figures politiques et du mouvement associatif ne remettent pas en cause le fait que le patron de Cevital soit un justiciable comme un autre, le timing et le mode op\u00e9ratoire de cette affaire ont pouss\u00e9 plus d\u2019un \u00e0 se poser des questions sur les objectifs et vis\u00e9es de son arrestation.<\/p>\n<p>D\u2019autant plus que Rebrab, qui, pour rappel, ne figurait pas dans la liste des hommes d\u2019affaires frapp\u00e9s d\u2019ISTN, \u00e9tait, ces derni\u00e8res ann\u00e9es, parmi les pourfendeurs du r\u00e9gime Bouteflika. Ce m\u00eame r\u00e9gime que la population conteste \u00e9nergiquement depuis le 22 f\u00e9vrier dernier.<\/p>\n<p>Certains politologues et universitaires y ont vu une volont\u00e9 de diviser le mouvement populaire. \u00abApr\u00e8s avoir \u00e9chou\u00e9 \u00e0 diviser le peuple sur la base des diff\u00e9rences id\u00e9ologique et identitaire, il tente de le faire en s\u2019en prenant \u00e0 des personnalit\u00e9s sur lesquelles les avis des Alg\u00e9riens divergent. Il faut faire attention. Le peuple restera uni.<\/p>\n<p>Il mettra en \u00e9chec toutes les man\u0153uvres du r\u00e9gime pour le diviser\u00bb, a d\u00e9clar\u00e9, \u00e0 ce propos, l\u2019universitaire Rabah Lounici. De son c\u00f4t\u00e9, le docteur en sciences politiques et sp\u00e9cialiste du Maghreb, Naoufel Brahimi El Mili, estime que \u00abl\u2019arrestation de Rebrab se lit dans la d\u00e9signation de la main de l\u2019\u00e9tranger\u00bb, avant d\u2019ajouter que \u00ables arrestations ne doivent pas faire oublier l\u2019absence d\u2019une solution politique acceptable\u00bb.<\/p>\n<p>Pour la d\u00e9put\u00e9e du Rassemblement pour la culture et la d\u00e9mocratie (RCD), Fetta Seddat, il s\u2019agirait d\u2019une \u00abdiversion machiav\u00e9lique\u00bb.<\/p>\n<p>Elle pense qu\u2019il faut rester \u00abvigilants et mobilis\u00e9s pour contrer cette autre provocation de la secte\u00bb. Sa\u00efd Salhi, vice-pr\u00e9sident de la Ligue alg\u00e9rienne de d\u00e9fense des droits de l\u2019homme (LADDH), estime, pour sa part, que \u00ables poursuites s\u00e9lectives sont une diversion pour diviser, ou \u00e0 d\u00e9faut d\u00e9vier la r\u00e9volution de sa trajectoire pacifique et r\u00e9solue pour le changement\u00bb.<\/p>\n<p>Certains autres acteurs y voient m\u00eame une provocation en direction de la Kabylie. C\u2019est ainsi que Mourad Bouzidi, porte-parole de la Coordination nationale des comit\u00e9s de soutien aux travailleurs de Cevital, a tenu \u00e0 relever qu\u2019\u00abil y a une synchronisation d\u2019un certain nombre d\u2019\u00e9v\u00e9nements\u00bb, \u00e0 savoir \u00abla d\u00e9signation du wali de Tizi Ouzou, qui \u00e9tait wali \u00e0 Gharda\u00efa durant les douloureux \u00e9v\u00e9nements de Gharda\u00efa, la d\u00e9signation du pr\u00e9sident du Conseil constitutionnel qui, \u00e0 l\u2019\u00e9poque des \u00e9v\u00e9nements de 1981, \u00e9tait \u00e0 l\u2019origine du jugement des militants amazighs, les attaques contre des leaders de l\u2019opposition et les celles contre le drapeau amazigh\u00bb.<\/p>\n<p>Provocation, diversion ou tentative de division, l\u2019arrestation d\u2019Issad Rebrab a pouss\u00e9 beaucoup de monde \u00e0 se poser ces questions. Et c\u2019est le fait que cette personnalit\u00e9 puisse cr\u00e9er des clivages, vu qu\u2019il est un patron (certains partis et personnalit\u00e9s de gauche ne vont pas tous le d\u00e9fendre logiquement), proche du courant moderniste (islamistes et autres conservateurs le voient d\u2019un mauvais \u0153il), qui dispose d\u2019investissements en France par exemple (certains milieux tenteront toujours de le pr\u00e9senter comme \u00e9tant un proche de la France), qui fait que son arrestation en ce moment pr\u00e9cis, bien avant les hommes d\u2019affaires faisant partie de la \u00abbande\u00bb, est sujette \u00e0 pol\u00e9mique.<\/p>\n<p>D\u2019o\u00f9 les appels des uns et des autres \u00e0 la vigilance et au maintien de l\u2019aspect pacifique des manifestations, qui se sont multipli\u00e9s depuis l\u2019annonce de l\u2019arrestation de l\u2019homme d\u2019affaires.<\/p>\n<p>Avant le 9e vendredi de protestation, une campagne avait \u00e9t\u00e9 men\u00e9e sur les r\u00e9seaux sociaux pour provoquer une fracture au sein des manifestants au sujet du drapeau amazigh. Mais cela s\u2019est av\u00e9r\u00e9 sans r\u00e9sultat.<\/p>\n<p>Jusque-l\u00e0, les manifestants ont pu d\u00e9jouer toutes ces tentatives de division. L\u2019opposition \u0153uvre pour que ce soit aussi le cas vendredi prochain.<\/p>\n<div class=\"yuzo_related_post style-1\" data-version=\"5.12.88\">\n<p><h3>Related Post<\/h3>\n<\/p>\n<div class=\"yuzo_wraps\">\n<div class=\"relatedthumb relatedpost-563339 c11\"><a href=\"https:\/\/www.elwatan.com\/edition\/sports\/affaire-usc-ask-un-autre-episode-du-phenomene-de-la-violence-12-03-2019\"\/><\/p>\n<p><span class=\"yuzo__text--title c10\">Affaire USC-ASK\u00a0:\u00a0Un autre \u00e9pisode du ph\u00e9nom\u00e8ne de&#8230;<\/span><\/div>\n<div class=\"relatedthumb relatedpost-565107 c11\"><a href=\"https:\/\/www.elwatan.com\/edition\/international\/libye-le-congres-unificateur-fixe-au-14-avril-21-03-2019\"\/><\/p>\n<p><span class=\"yuzo__text--title c10\">Libye :\u00a0Le congr\u00e8s unificateur fix\u00e9 au 14 avril<\/span><\/div>\n<div class=\"relatedthumb relatedpost-473372 c11\"><a href=\"https:\/\/www.elwatan.com\/regions\/centre\/alger\/les-secteurs-vitaux-y-ont-contribue-augmentation-du-recouvrement-fiscal-03-01-2019\"\/><\/p>\n<p><span class=\"yuzo__text--title c10\">Les secteurs vitaux y ont contribu\u00e9 : Augmentation&#8230;<\/span><\/div>\n<div class=\"relatedthumb relatedpost-563332 c11\"><a href=\"https:\/\/www.elwatan.com\/edition\/actualite\/douanes-de-skikda-importante-saisie-de-comprimes-decstasy-12-03-2019\"\/><\/p>\n<p><span class=\"yuzo__text--title c10\">Douanes de Skikda : Importante saisie de comprim\u00e9s&#8230;<\/span><\/div>\n<\/div>\n<\/div>\n<p><span class=\"post-views-label\">Post Views:<\/span> <span class=\"post-views-count\">145<\/span><\/p>\n<p>Auteur: Hicham Chouadria<br \/>\n<a href=\"https:\/\/www.elwatan.com\/edition\/actualite\/arrestation-dissad-rebrab-patron-de-cevital-manoeuvre-pour-diviser-le-mouvement-populaire-24-04-2019\">Cliquez ici pour lire l&rsquo;article depuis sa source.<\/a><\/p>\n","protected":false},"excerpt":{"rendered":"<p>Le patron de Cevital, Issad Rebrab, a \u00e9t\u00e9 le premier homme d\u2019affaires \u00e0 \u00eatre arr\u00eat\u00e9 dans le sillage du lancement d\u2019une suppos\u00e9e op\u00e9ration \u00abmains propres\u00bb. L\u2019information relative \u00e0 l\u2019arrestation d\u2019Issad Rebrab s\u2019est r\u00e9pandue comme une tra\u00een\u00e9e de poudre chez l\u2019ensemble des Alg\u00e9riens et a provoqu\u00e9 moult r\u00e9actions. Si les figures politiques et du mouvement associatif [&hellip;]<\/p>\n","protected":false},"author":1743,"featured_media":0,"comment_status":"closed","ping_status":"closed","sticky":false,"template":"","format":"standard","meta":{"fifu_image_url":"","fifu_image_alt":"","footnotes":""},"categories":[73,53],"tags":[],"class_list":["post-29916","post","type-post","status-publish","format-standard","hentry","category-actualite","category-algerie"],"_links":{"self":[{"href":"https:\/\/linitiative.ca\/International\/wp-json\/wp\/v2\/posts\/29916","targetHints":{"allow":["GET"]}}],"collection":[{"href":"https:\/\/linitiative.ca\/International\/wp-json\/wp\/v2\/posts"}],"about":[{"href":"https:\/\/linitiative.ca\/International\/wp-json\/wp\/v2\/types\/post"}],"author":[{"embeddable":true,"href":"https:\/\/linitiative.ca\/International\/wp-json\/wp\/v2\/users\/1743"}],"replies":[{"embeddable":true,"href":"https:\/\/linitiative.ca\/International\/wp-json\/wp\/v2\/comments?post=29916"}],"version-history":[{"count":0,"href":"https:\/\/linitiative.ca\/International\/wp-json\/wp\/v2\/posts\/29916\/revisions"}],"wp:attachment":[{"href":"https:\/\/linitiative.ca\/International\/wp-json\/wp\/v2\/media?parent=29916"}],"wp:term":[{"taxonomy":"category","embeddable":true,"href":"https:\/\/linitiative.ca\/International\/wp-json\/wp\/v2\/categories?post=29916"},{"taxonomy":"post_tag","embeddable":true,"href":"https:\/\/linitiative.ca\/International\/wp-json\/wp\/v2\/tags?post=29916"}],"curies":[{"name":"wp","href":"https:\/\/api.w.org\/{rel}","templated":true}]}}