{"id":29917,"date":"2019-04-24T05:18:42","date_gmt":"2019-04-24T09:18:42","guid":{"rendered":"https:\/\/linitiative.ca\/International\/reactions\/"},"modified":"2019-04-24T05:18:42","modified_gmt":"2019-04-24T09:18:42","slug":"reactions","status":"publish","type":"post","link":"https:\/\/linitiative.ca\/International\/reactions\/","title":{"rendered":"R\u00e9actions"},"content":{"rendered":"<h4 class=\"title-14\"\/>\n<div class=\"featured_image\"><img width=\"561\" height=\"116\" data-cfsrc=\"https:\/\/www.elwatan.com\/wp-content\/uploads\/2019\/04\/Sans-titre-1-98.gif\" class=\"attachment-post-thumbnail size-post-thumbnail wp-post-image c1\" alt=\"\"\/><noscript><\/p>\n<p><img loading=\"lazy\" decoding=\"async\" width=\"561\" height=\"116\" src=\"https:\/\/www.elwatan.com\/wp-content\/uploads\/2019\/04\/Sans-titre-1-98.gif\" class=\"attachment-post-thumbnail size-post-thumbnail wp-post-image\" alt=\"\"\/><\/p>\n<p><\/noscript><\/div>\n<p><strong>Sa\u00efd Salhi, vice-pr\u00e9sident de la LADDH : \u00abLes poursuites s\u00e9lectives sont une diversion\u00bb<\/strong><\/p>\n<p>\u00abAu moment o\u00f9 nous avons applaudi la vague de lib\u00e9ration des magistrats et du b\u00e2tonnat vers une justice ind\u00e9pendante et \u00e9quitable, la voici encore dangereusement instrumentalis\u00e9e dans une guerre des clans au sein du syst\u00e8me, alors que notre r\u00e9volution revendique clairement le d\u00e9part de tout le syst\u00e8me en dehors d\u2019une transition clanique dans le m\u00eame syst\u00e8me. Les poursuites s\u00e9lectives sont une diversion pour diviser, ou \u00e0 d\u00e9faut d\u00e9vier la r\u00e9volution de sa trajectoire pacifique et r\u00e9solue pour le changement. Restons sereins, unis et surtout pacifiques. Le 10e vendredi sera un autre rendez-vous avec l\u2019histoire. Notre r\u00e9volution se poursuit.\u00bb<\/p>\n<p><strong>Mohamed\u00a0Adimi,\u00a0porte-parole\u00a0de Talaie El Hourriyet\u00a0 : \u00abLe plus urgent est de r\u00e9gler le probl\u00e8me du pouvoir\u00bb<\/strong><\/p>\n<p>\u00abAujourd\u2019hui, le plus urgent est de r\u00e9gler le probl\u00e8me du pouvoir lui-m\u00eame, et de r\u00e9pondre \u00e0 l\u2019appel du mouvement populaire (hirak), alors que Abdelkader Bensalah continue toujours \u00e0 g\u00e9rer le pays. Ensuite, nous irons vers le jugement des personnes corrompues. Mais la justice ne devrait pas \u00eatre s\u00e9lective, ni revancharde. Nous avons, nous-m\u00eames, beaucoup souffert du syst\u00e8me politique. Il faut bannir tout esprit revanchard.<\/p>\n<p>Nous devons d\u2019abord b\u00e2tir un Etat de droit et des libert\u00e9s, qui passera par une v\u00e9ritable transition. Celle-ci ne peut pas se faire avec Bensalah et les r\u00e9sidus du pouvoir. Dans un Etat de droit, seule une justice ind\u00e9pendante pourrait juger les personnes corrompues. Je rappelle que le peuple r\u00e9clame que la justice s\u2019attaque \u00e0 des responsables qui sont en sommet de la pyramide. Par exemple, Sa\u00efd Bouteflika qui a confisqu\u00e9 le cachet de l\u2019Etat pendant au moins sept ans alors que son fr\u00e8re est malade.\u00bb<\/p>\n<p><strong>Djelloul Djoudi, d\u00e9put\u00e9 du PT\u00a0 : \u00abLa justice ne doit pas subir de pressions\u00bb<\/strong><\/p>\n<p>\u00abLa lutte contre la corruption est l\u2019un des combats du PT depuis plusieurs ann\u00e9es. Nous sommes favorables \u00e0 ce que tous ceux qui ont siphonn\u00e9 les fonds publics et ceux qui ont b\u00e9n\u00e9fici\u00e9 de choses indues soient poursuivis en justice. Quand on parle de corruption, il y a aussi des lois sur mesure, vot\u00e9es par l\u2019APN, telles que la loi sur l\u2019investissement et certaines dispositions des lois de finances, qui ont profit\u00e9 aux oligarques. Nous sommes dans un processus r\u00e9volutionnaire depuis le 22 f\u00e9vrier.<\/p>\n<p>Le peuple veut le d\u00e9part du syst\u00e8me avec ses symboles. C\u2019est la premi\u00e8re des revendications du peuple. Nous aspirons \u00e0 un Etat de droit, qui va consacrer l\u2019ind\u00e9pendance de la justice et la s\u00e9paration des pouvoirs. C\u2019est dans ce cadre que tous les symboles du syst\u00e8me doivent \u00eatre jug\u00e9s sur un pied d\u2019\u00e9galit\u00e9 et dans le respect de\u00a0la pr\u00e9somption d\u2019innocence.<\/p>\n<p>La justice doit faite son travail sereinement. La conscience du juge sera la loi et ne doit pas subir des pressions. Ceci dit, nous sommes inquiets que la mise en branle de la justice ne d\u00e9vie les Alg\u00e9riens de l\u2019objectif essentiel de la r\u00e9volution, \u00e0 savoir le d\u00e9part de toutes les figures du pouvoir.\u00bb<\/p>\n<p><strong>Zoubida Assoul, pr\u00e9sidente de l\u2019UCP : \u00abLa justice ne doit pas subir la pression d\u2019agenda politique\u00bb<\/strong><\/p>\n<p>\u00abLe peuple est sorti dans la rue pour r\u00e9clamer une p\u00e9riode de transition, et a refus\u00e9 le processus \u00e9lectoral tel que propos\u00e9 dans l\u2019agenda du pouvoir. En tant que politique, la priorit\u00e9 est de r\u00e9gler le probl\u00e8me de l\u2019impasse et la l\u00e9gitimit\u00e9 politiques. Apr\u00e8s neuf semaines de manifestations pacifiques, on s\u2019attendait \u00e0 ce que tous les \u2018\u2018B\u2019\u2019 partent. Or, aujourd\u2019hui, on assiste \u00e0 une mise en branle de la justice. Cela me choque que la justice puisse travailler sous injonctions. Le citoyen veut que la justice soit ind\u00e9pendante et qu\u2019elle ne travaille plus sous injonctions de qui que ce soit. Ni de Bouteflika, qui est parti, ni de l\u2019arm\u00e9e.<\/p>\n<p>La justice doit d\u2019abord faire sa mue. Il faut attendre un autre pouvoir, qui dirigera la transition, et qui va montrer sa feuille de route relative \u00e0 la r\u00e9forme de la justice et le renforcement de son ind\u00e9pendance. Si la justice doit traquer les gens qui ont commis des infractions punies par la loi, elle doit le faire dans la s\u00e9r\u00e9nit\u00e9, encore moins si c\u2019est une man\u0153uvre pour d\u00e9tourner les citoyens des vraies revendications politiques.<\/p>\n<p>Aujourd\u2019hui, on a l\u2019impression que ce sont des r\u00e8glements de comptes entre les clans du pouvoir. Vis-\u00e0-vis de nos partenaires \u00e9trangers, mettre des hommes d\u2019affaires en prison n\u2019est pas un bon signe, d\u2019autant plus qu\u2019il y a de nombreuses entreprises qui font nourrir des milliers, voire des dizaines de milliers de familles. Ce n\u2019est peut-\u00eatre pas le moment de parler de cela. M\u00eame s\u2019ils ont commis des infractions, le code p\u00e9nal permet des proc\u00e9dures, comme le contr\u00f4le judiciaire, pour essayer de faire toute la lumi\u00e8re sur ces affaires. Moi, je me m\u00e9fie toujours des op\u00e9rations spectaculaires. La justice ne doit pas subir la pression de la rue ou d\u2019agenda politique.\u00bb<\/p>\n<p><strong>Samir Bouakouir, ancien porte-parole du FFS\u00a0 : \u00abRebrab est un justiciable\u00a0comme les autres\u00bb<\/strong><\/p>\n<p>\u00abRebrab est un justiciable\u00a0comme les autres. S\u2019il est coupable de faits d\u00e9lictueux, il en r\u00e9pondra devant une justice ind\u00e9pendante, celle d\u2019un Etat de droit \u00e0 construire, et non devant une justice aux ordres, instrumentalis\u00e9e par un Ga\u00efd Salah, loin d\u2019\u00eatre au-dessus de tout soup\u00e7on, pour r\u00e9gler ses comptes avec ses adversaires, dont le suppos\u00e9 parrain de Rebrab, Mohamed Medi\u00e8ne, dit Toufik.<\/p>\n<p>Ceux qui se solidarisent, exclusivement par esprit communautaire, avec Rebrab parce qu\u2019il est Kabyle ou ceux qui le condamnent pour cette m\u00eame raison par antikabylisme primaire ne font qu\u2019attiser les passions et nourrir les divisions entre les Alg\u00e9riennes et les Alg\u00e9riens. Ils font, les uns comme les autres, le jeu d\u2019un syst\u00e8me militaro-policier, certes \u00e9branl\u00e9 mais disposant encore de quelques ressources pour tenter de se r\u00e9g\u00e9n\u00e9rer.\u00bb<\/p>\n<div class=\"yuzo_related_post style-1\" data-version=\"5.12.88\">\n<p><h3>Related Post<\/h3>\n<\/p>\n<div class=\"yuzo_wraps\">\n<div class=\"relatedthumb relatedpost-564722 c11\"><a href=\"https:\/\/www.elwatan.com\/edition\/culture\/le-pouvoir-algerien-a-peur-de-limage-19-03-2019\"\/><\/p>\n<p><span class=\"yuzo__text--title c10\">\u00abLe pouvoir alg\u00e9rien a peur de l\u2019image\u00bb<\/span><\/div>\n<div class=\"relatedthumb relatedpost-518337 c11\"><a href=\"https:\/\/www.elwatan.com\/regions\/sud\/actu-sud\/15-couples-convolent-en-justes-noces-2-02-10-2016\"\/><\/p>\n<p><span class=\"yuzo__text--title c10\">15 couples convolent en justes noces<\/span><\/div>\n<div class=\"relatedthumb relatedpost-373813 c11\"><a href=\"https:\/\/www.elwatan.com\/edition\/sports\/jeux-dechecs-16-equipes-au-championnat-national-a-marsat-el-hadjadj-23-12-2018\"\/><\/p>\n<p><span class=\"yuzo__text--title c10\">Jeux d\u2019\u00e9checs :\u00a016 \u00e9quipes au championnat national&#8230;<\/span><\/div>\n<div class=\"relatedthumb relatedpost-564989 c11\"><a href=\"https:\/\/www.elwatan.com\/edition\/actualite\/front-des-forces-socialistes-ffs-le-cabinet-noir-tente-de-desactiver-le-parti-20-03-2019\"\/><\/p>\n<p><span class=\"yuzo__text--title c10\">Front des forces socialistes (FFS)\u00a0: le cabinet no&#8230;<\/span><\/div>\n<\/div>\n<\/div>\n<p><span class=\"post-views-label\">Post Views:<\/span> <span class=\"post-views-count\">64<\/span><\/p>\n<p>Auteur: Hicham Chouadria<br \/>\n<a href=\"https:\/\/www.elwatan.com\/edition\/actualite\/reactions-67-24-04-2019\">Cliquez ici pour lire l&rsquo;article depuis sa source.<\/a><\/p>\n","protected":false},"excerpt":{"rendered":"<p>Sa\u00efd Salhi, vice-pr\u00e9sident de la LADDH : \u00abLes poursuites s\u00e9lectives sont une diversion\u00bb \u00abAu moment o\u00f9 nous avons applaudi la vague de lib\u00e9ration des magistrats et du b\u00e2tonnat vers une justice ind\u00e9pendante et \u00e9quitable, la voici encore dangereusement instrumentalis\u00e9e dans une guerre des clans au sein du syst\u00e8me, alors que notre r\u00e9volution revendique clairement le [&hellip;]<\/p>\n","protected":false},"author":1743,"featured_media":29918,"comment_status":"closed","ping_status":"closed","sticky":false,"template":"","format":"standard","meta":{"fifu_image_url":"","fifu_image_alt":"","footnotes":""},"categories":[73,53],"tags":[],"class_list":["post-29917","post","type-post","status-publish","format-standard","has-post-thumbnail","hentry","category-actualite","category-algerie"],"_links":{"self":[{"href":"https:\/\/linitiative.ca\/International\/wp-json\/wp\/v2\/posts\/29917","targetHints":{"allow":["GET"]}}],"collection":[{"href":"https:\/\/linitiative.ca\/International\/wp-json\/wp\/v2\/posts"}],"about":[{"href":"https:\/\/linitiative.ca\/International\/wp-json\/wp\/v2\/types\/post"}],"author":[{"embeddable":true,"href":"https:\/\/linitiative.ca\/International\/wp-json\/wp\/v2\/users\/1743"}],"replies":[{"embeddable":true,"href":"https:\/\/linitiative.ca\/International\/wp-json\/wp\/v2\/comments?post=29917"}],"version-history":[{"count":0,"href":"https:\/\/linitiative.ca\/International\/wp-json\/wp\/v2\/posts\/29917\/revisions"}],"wp:featuredmedia":[{"embeddable":true,"href":"https:\/\/linitiative.ca\/International\/wp-json\/"}],"wp:attachment":[{"href":"https:\/\/linitiative.ca\/International\/wp-json\/wp\/v2\/media?parent=29917"}],"wp:term":[{"taxonomy":"category","embeddable":true,"href":"https:\/\/linitiative.ca\/International\/wp-json\/wp\/v2\/categories?post=29917"},{"taxonomy":"post_tag","embeddable":true,"href":"https:\/\/linitiative.ca\/International\/wp-json\/wp\/v2\/tags?post=29917"}],"curies":[{"name":"wp","href":"https:\/\/api.w.org\/{rel}","templated":true}]}}