{"id":29947,"date":"2019-04-24T11:55:38","date_gmt":"2019-04-24T15:55:38","guid":{"rendered":"https:\/\/linitiative.ca\/International\/le-maroc-est-en-capacite-de-developper-un-secteur-spatial-civil\/"},"modified":"2019-04-24T11:55:38","modified_gmt":"2019-04-24T15:55:38","slug":"le-maroc-est-en-capacite-de-developper-un-secteur-spatial-civil","status":"publish","type":"post","link":"https:\/\/linitiative.ca\/International\/le-maroc-est-en-capacite-de-developper-un-secteur-spatial-civil\/","title":{"rendered":"Le Maroc est en capacit\u00e9 de d\u00e9velopper un secteur spatial civil"},"content":{"rendered":"<div readability=\"40\">\n<p>Marrakech- Le Maroc est en capacit\u00e9 de d\u00e9velopper un secteur spatial civil, a soulign\u00e9, mercredi \u00e0 Marrakech, le ministre de l\u2019Industrie, de l\u2019Investissement, du Commerce et de l\u2019Economie num\u00e9rique, M. Moulay Hafid Elalamy.<\/p>\n<\/div>\n<div readability=\"136\">\n<p>\u00ab\u00a0Le Maroc s\u2019int\u00e9resse fortement \u00e0 ce secteur apr\u00e8s avoir d\u00e9velopp\u00e9 depuis quelques ann\u00e9es un secteur a\u00e9ronautique en pleine expansion\u00a0\u00bb, a-t-il ajout\u00e9 \u00e0 l\u2019ouverture de la Conf\u00e9rence Globale de l\u2019Espace \u00ab\u00a0GLEC 2019\u00a0\u00bb.<\/p>\n<p>Et M. Elalamy de noter que le Royaume a d\u00e9cid\u00e9 de \u00ab\u00a0fa\u00e7on strat\u00e9gique\u00a0\u00bb de s\u2019investir dans le spatial civil, qui est en train de r\u00e9volutionner le monde, relevant que le Maroc, qui s\u2019est int\u00e9ress\u00e9 depuis quelques ann\u00e9es \u00e0 l\u2019a\u00e9ronautique est, aujourd\u2019hui, r\u00e9ellement pr\u00e9sent dans ce secteur, avec la pr\u00e9sence dans le Royaume des trois constructeurs Bombardier, Airbus et Boeing, qui ont permis \u00e0 un \u00e9cosyst\u00e8me complet de se d\u00e9velopper autour d\u2019eux.<\/p>\n<p>Ainsi, \u00ab\u00a0nous avons l\u2019intention de rentrer de plain-pied dans le spatial civil en travaillant avec toutes les parties prenantes et int\u00e9ress\u00e9es pour pouvoir jouer +une micro-partition+ dans cette mondialisation du spatial\u00a0\u00bb, a-t-il pr\u00e9cis\u00e9.<\/p>\n<p>Le pr\u00e9sident de la F\u00e9d\u00e9ration internationale d\u2019astronautique (International Astronautical Federation-IAF), Jean-Yves Le Gall, a relev\u00e9, pour sa part, que les activit\u00e9s spatiales connaissent un changement majeur en raison des progr\u00e8s technologiques, se f\u00e9licitant de la cr\u00e9ation par l\u2019IAF d\u2019un portefeuille d\u00e9di\u00e9 aux pays \u00e9mergents.<\/p>\n<p>M. Le Gall a reconnu que plusieurs pays \u00e9mergents ont accompli des progr\u00e8s notables dans ce secteur, en tirant profit des nouvelles technologies, appelant \u00e0 davantage de coop\u00e9ration et d\u2019\u00e9change d\u2019exp\u00e9riences pour r\u00e9duire le foss\u00e9 existant entre les pays d\u00e9velopp\u00e9s et les pays en d\u00e9veloppement dans ce domaine.<\/p>\n<p>De son c\u00f4t\u00e9, le Directeur g\u00e9n\u00e9ral du Centre Royal de T\u00e9l\u00e9d\u00e9tection Spatiale (CRTS), Driss El Hadani, a indiqu\u00e9 que cette rencontre intervient dans un contexte international marqu\u00e9 par une forte transformation du secteur spatial sur les plans technologique, de la gouvernance et de la commercialisation, comme en t\u00e9moigne la multiplication aussi bien des projets spatiaux nationaux que des initiatives internationales et r\u00e9gionales en mati\u00e8re de coop\u00e9ration et de coordination dans le domaine spatial.<\/p>\n<p>La participation du CRTS \u00e0 l\u2019organisation de cette Conf\u00e9rence s\u2019inscrit dans un processus de rencontres et de manifestations qui visent \u00e0 traduire le progr\u00e8s r\u00e9alis\u00e9 dans le domaine technologique, spatial ou en applications op\u00e9rationnelles pour assurer une plus grande int\u00e9gration de ces technologies dans les op\u00e9rations de gestion des ressources et des programmes de d\u00e9veloppement socio-\u00e9conomique, a ajout\u00e9 M. El Hadani, \u00e9galement pr\u00e9sident du comit\u00e9 local d\u2019organisation de la GLEC 2019.<\/p>\n<p>Il a pr\u00e9cis\u00e9 que la Conf\u00e9rence \u00ab\u00a0GLEC 2019\u00a0\u00bb est l\u2019expression de la volont\u00e9 de tous les acteurs (chefs d\u2019agences spatiales, industriels, universitaires, d\u00e9cideurs charg\u00e9s des programmes de d\u00e9veloppement) de r\u00e9unir leurs comp\u00e9tences et de coordonner leurs actions afin de tirer le meilleur parti des outils technologiques spatiaux, se disant convaincu que ce cycle de conf\u00e9rences sur l\u2019espace pour les pays \u00e9mergents, lanc\u00e9 \u00e0 Marrakech, va se poursuivre pour valoriser le renforcement des capacit\u00e9s endog\u00e8nes d\u2019une fa\u00e7on continue et syst\u00e9matique des pays \u00e9mergents car le potentiel des prestataires ne peut \u00eatre pleinement exploit\u00e9 si les ressources humaines ne disposent pas du savoir et des comp\u00e9tences n\u00e9cessaires.<\/p>\n<p>Et de conclure que ce cycle de conf\u00e9rences permettra \u00e9galement \u00e0 ces pays de s\u2019organiser en r\u00e9seaux permettant de b\u00e2tir une vision r\u00e9gionale et int\u00e9gr\u00e9e quant \u00e0 la mise en place et \u00e0 l\u2019ex\u00e9cution de projets de programmes de d\u00e9veloppement sur la base d\u2019un partenariat v\u00e9ritable et solidaire.<\/p>\n<p>Quant \u00e0 la vice-pr\u00e9sidente de la GLEC, Pascale Ehrenfreund, elle a fait observer que cette Conf\u00e9rence repr\u00e9sente une occasion pour les pays \u00e9mergents de mettre en place une plateforme pour des programmes conjoints et une opportunit\u00e9 idoine devant permettre \u00e0 ces pays d\u2019\u00eatre enti\u00e8rement int\u00e9gr\u00e9s dans l\u2019\u00e9chiquier spatial.<\/p>\n<p>Organis\u00e9e conjointement par le CRTS et l\u2019IAF, avec le soutien du Centre National Fran\u00e7ais d\u2019Etudes Spatiales (CNES), la \u00ab\u00a0GLEC 2019\u00a0\u00bb est un \u00e9v\u00e9nement important pour l\u2019agenda des rencontres internationales d\u00e9di\u00e9es au spatial qui constitue un rendez-vous incontournable de l\u2019ensemble des acteurs mondiaux op\u00e9rant dans ce domaine.<\/p>\n<p>L\u2019\u00e9dition 2019 de la GLEC regroupe plus de 300 participants d\u2019une cinquantaine de pays, dont notamment 30 Directeurs et Chefs d\u2019Agences et Organisations spatiales, ainsi que de nombreux industriels, universitaires scientifiques et chercheurs nationaux et internationaux.<\/p>\n<p>Etal\u00e9 sur trois jours (24-26 avril), son programme est ax\u00e9, au titre de cette \u00e9dition marocaine, sur l\u2019implication des pays \u00e9mergents dans le domaine spatial. Il est ainsi pr\u00e9vu d\u2019y d\u00e9battre de th\u00e9matiques portant particuli\u00e8rement sur les avantages des technologies et des applications spatiales pour le d\u00e9veloppement socio-\u00e9conomique, l\u2019\u00e9laboration des mod\u00e8les financiers et ressources, l\u2019industrie spatiale et le cadre juridique et mod\u00e8les de gouvernance.<\/p>\n<\/div>\n<p>Auteur: Mohammed KOURSI<br \/>\n<a href=\"http:\/\/www.mapmarrakech.ma\/fr\/le-maroc-est-en-capacite-de-developper-un-secteur-spatial-civil\/\">Cliquez ici pour lire l&rsquo;article depuis sa source.<\/a><\/p>\n","protected":false},"excerpt":{"rendered":"<p>Marrakech- Le Maroc est en capacit\u00e9 de d\u00e9velopper un secteur spatial civil, a soulign\u00e9, mercredi \u00e0 Marrakech, le ministre de l\u2019Industrie, de l\u2019Investissement, du Commerce et de l\u2019Economie num\u00e9rique, M. Moulay Hafid Elalamy. \u00ab\u00a0Le Maroc s\u2019int\u00e9resse fortement \u00e0 ce secteur apr\u00e8s avoir d\u00e9velopp\u00e9 depuis quelques ann\u00e9es un secteur a\u00e9ronautique en pleine expansion\u00a0\u00bb, a-t-il ajout\u00e9 \u00e0 [&hellip;]<\/p>\n","protected":false},"author":1788,"featured_media":0,"comment_status":"closed","ping_status":"closed","sticky":false,"template":"","format":"standard","meta":{"fifu_image_url":"","fifu_image_alt":"","footnotes":""},"categories":[54,76],"tags":[],"class_list":["post-29947","post","type-post","status-publish","format-standard","hentry","category-maroc","category-regions"],"_links":{"self":[{"href":"https:\/\/linitiative.ca\/International\/wp-json\/wp\/v2\/posts\/29947","targetHints":{"allow":["GET"]}}],"collection":[{"href":"https:\/\/linitiative.ca\/International\/wp-json\/wp\/v2\/posts"}],"about":[{"href":"https:\/\/linitiative.ca\/International\/wp-json\/wp\/v2\/types\/post"}],"author":[{"embeddable":true,"href":"https:\/\/linitiative.ca\/International\/wp-json\/wp\/v2\/users\/1788"}],"replies":[{"embeddable":true,"href":"https:\/\/linitiative.ca\/International\/wp-json\/wp\/v2\/comments?post=29947"}],"version-history":[{"count":0,"href":"https:\/\/linitiative.ca\/International\/wp-json\/wp\/v2\/posts\/29947\/revisions"}],"wp:attachment":[{"href":"https:\/\/linitiative.ca\/International\/wp-json\/wp\/v2\/media?parent=29947"}],"wp:term":[{"taxonomy":"category","embeddable":true,"href":"https:\/\/linitiative.ca\/International\/wp-json\/wp\/v2\/categories?post=29947"},{"taxonomy":"post_tag","embeddable":true,"href":"https:\/\/linitiative.ca\/International\/wp-json\/wp\/v2\/tags?post=29947"}],"curies":[{"name":"wp","href":"https:\/\/api.w.org\/{rel}","templated":true}]}}