{"id":29948,"date":"2019-04-24T09:41:51","date_gmt":"2019-04-24T13:41:51","guid":{"rendered":"https:\/\/linitiative.ca\/International\/el-bayadh-des-hauts-fonctionnaires-places-sous-controle-judiciaire\/"},"modified":"2019-04-24T09:41:51","modified_gmt":"2019-04-24T13:41:51","slug":"el-bayadh-des-hauts-fonctionnaires-places-sous-controle-judiciaire","status":"publish","type":"post","link":"https:\/\/linitiative.ca\/International\/el-bayadh-des-hauts-fonctionnaires-places-sous-controle-judiciaire\/","title":{"rendered":"El Bayadh: des hauts fonctionnaires plac\u00e9s sous contr\u00f4le judiciaire  \u00a0"},"content":{"rendered":"<div>\n<div class=\"K2FeedIntroText\">\n<p><strong>EL BAYADH- Le juge d\u2019instruction pr\u00e8s la Cour d\u2019El Bayadh a plac\u00e9, mardi, les directeurs de l\u2019action sociale et de la maison de la culture et neuf autres fonctionnaires sous contr\u00f4le judiciaire, a-t-on appris des services de la s\u00fbret\u00e9 de wilaya.<\/strong><\/p>\n<\/div>\n<div class=\"K2FeedFullText\">\n<p>Les poursuites judiciaires contre les suspects interviennent suite \u00e0 des enqu\u00eates men\u00e9es auparavant par les services de la suret\u00e9 de wilaya au sujet de d\u00e9tournement et de dilapidation de deniers publics.<\/p>\n<p>Pr\u00e9sent\u00e9 au procureur de la R\u00e9publique pr\u00e8s la Cour d\u2019El Bayadh, ce dossier a \u00e9t\u00e9 transf\u00e9r\u00e9 devant le juge d\u2019instruction qui a ordonn\u00e9 de placer le directeur de wilaya de l\u2019action sociale en compagnie de cinq\u00a0fonctionnaires de ce secteur sous contr\u00f4le judiciaire .<\/p>\n<p>Le juge d\u2019instruction a prononc\u00e9 aussi une d\u00e9cision de placement du directeur de la maison de la culture d\u2019El Bayadh et quatre autres fonctionnaires sous contr\u00f4le judiciaire.<\/p>\n<p>\u00a0<\/p>\n<p>\u00a0<\/p>\n<\/div>\n<\/div>\n<p>Auteur:<br \/>\n<a href=\"http:\/\/www.aps.dz\/regions\/88542-el-bayadh-les-directeurs-de-l-action-sociale-et-de-la-maison-de-la-culture-places-sous-controle-judiciaire\">Cliquez ici pour lire l&rsquo;article depuis sa source.<\/a><\/p>\n","protected":false},"excerpt":{"rendered":"<p>EL BAYADH- Le juge d\u2019instruction pr\u00e8s la Cour d\u2019El Bayadh a plac\u00e9, mardi, les directeurs de l\u2019action sociale et de la maison de la culture et neuf autres fonctionnaires sous contr\u00f4le judiciaire, a-t-on appris des services de la s\u00fbret\u00e9 de wilaya. Les poursuites judiciaires contre les suspects interviennent suite \u00e0 des enqu\u00eates men\u00e9es auparavant par [&hellip;]<\/p>\n","protected":false},"author":1790,"featured_media":0,"comment_status":"closed","ping_status":"closed","sticky":false,"template":"","format":"standard","meta":{"fifu_image_url":"","fifu_image_alt":"","footnotes":""},"categories":[53,76],"tags":[],"class_list":["post-29948","post","type-post","status-publish","format-standard","hentry","category-algerie","category-regions"],"_links":{"self":[{"href":"https:\/\/linitiative.ca\/International\/wp-json\/wp\/v2\/posts\/29948","targetHints":{"allow":["GET"]}}],"collection":[{"href":"https:\/\/linitiative.ca\/International\/wp-json\/wp\/v2\/posts"}],"about":[{"href":"https:\/\/linitiative.ca\/International\/wp-json\/wp\/v2\/types\/post"}],"author":[{"embeddable":true,"href":"https:\/\/linitiative.ca\/International\/wp-json\/wp\/v2\/users\/1790"}],"replies":[{"embeddable":true,"href":"https:\/\/linitiative.ca\/International\/wp-json\/wp\/v2\/comments?post=29948"}],"version-history":[{"count":0,"href":"https:\/\/linitiative.ca\/International\/wp-json\/wp\/v2\/posts\/29948\/revisions"}],"wp:attachment":[{"href":"https:\/\/linitiative.ca\/International\/wp-json\/wp\/v2\/media?parent=29948"}],"wp:term":[{"taxonomy":"category","embeddable":true,"href":"https:\/\/linitiative.ca\/International\/wp-json\/wp\/v2\/categories?post=29948"},{"taxonomy":"post_tag","embeddable":true,"href":"https:\/\/linitiative.ca\/International\/wp-json\/wp\/v2\/tags?post=29948"}],"curies":[{"name":"wp","href":"https:\/\/api.w.org\/{rel}","templated":true}]}}