{"id":29968,"date":"2019-04-24T15:14:23","date_gmt":"2019-04-24T19:14:23","guid":{"rendered":"https:\/\/linitiative.ca\/International\/pros-hoffenheim-belfodil-ouvre-la-porte-a-un-depart-cet-ete\/"},"modified":"2019-04-24T15:14:23","modified_gmt":"2019-04-24T19:14:23","slug":"pros-hoffenheim-belfodil-ouvre-la-porte-a-un-depart-cet-ete","status":"publish","type":"post","link":"https:\/\/linitiative.ca\/International\/pros-hoffenheim-belfodil-ouvre-la-porte-a-un-depart-cet-ete\/","title":{"rendered":"Pros : Hoffenheim : Belfodil ouvre la porte \u00e0 un d\u00e9part cet \u00e9t\u00e9"},"content":{"rendered":"<div readability=\"32\">\n<p>Auteur : <span class=\"time\">mercredi 24 avril 2019 13:39<\/span><\/p>\n<\/div>\n<div id=\"post_core\" readability=\"36\">\n<p>Dans des d\u00e9clarations faites \u00e0 la presse, l&rsquo;international alg\u00e9rien a ouvert la porte \u00e0 un d\u00e9part lors du mercato estival et se d\u00e9clare dispos\u00e9 \u00e0 s&rsquo;en aller si une offre int\u00e9ressante devait se pr\u00e9senter. La d\u00e9cision de Belfodil sera \u00e9galement influenc\u00e9e par la possibilit\u00e9 de voir Hoffenheim se qualifier pour une comp\u00e9tition europ\u00e9enne la saison prochaine.<\/p>\n<p><strong>Publi\u00e9 dans :<\/strong> <span>belfodil<\/span><\/p>\n<\/div>\n<p>Auteur:<br \/>\n<a href=\"http:\/\/www.lebuteur.com\/article\/detail?titre=hoffenheim-belfodil-ouvre-la-porte-a-un-depart-cet-ete&#038;id=88261&#038;utm_source=feedburner&#038;utm_medium=feed&#038;utm_campaign=Feed%3A+GalerieFArtciles+%28Les+derniers+articles++-+lebuteur.com%29\">Cliquez ici pour lire l&rsquo;article depuis sa source.<\/a><\/p>\n","protected":false},"excerpt":{"rendered":"<p>Auteur : mercredi 24 avril 2019 13:39 Dans des d\u00e9clarations faites \u00e0 la presse, l&rsquo;international alg\u00e9rien a ouvert la porte \u00e0 un d\u00e9part lors du mercato estival et se d\u00e9clare dispos\u00e9 \u00e0 s&rsquo;en aller si une offre int\u00e9ressante devait se pr\u00e9senter. La d\u00e9cision de Belfodil sera \u00e9galement influenc\u00e9e par la possibilit\u00e9 de voir Hoffenheim se [&hellip;]<\/p>\n","protected":false},"author":1738,"featured_media":29969,"comment_status":"closed","ping_status":"closed","sticky":false,"template":"","format":"standard","meta":{"fifu_image_url":"","fifu_image_alt":"","footnotes":""},"categories":[53,75],"tags":[],"class_list":["post-29968","post","type-post","status-publish","format-standard","has-post-thumbnail","hentry","category-algerie","category-sport"],"_links":{"self":[{"href":"https:\/\/linitiative.ca\/International\/wp-json\/wp\/v2\/posts\/29968","targetHints":{"allow":["GET"]}}],"collection":[{"href":"https:\/\/linitiative.ca\/International\/wp-json\/wp\/v2\/posts"}],"about":[{"href":"https:\/\/linitiative.ca\/International\/wp-json\/wp\/v2\/types\/post"}],"author":[{"embeddable":true,"href":"https:\/\/linitiative.ca\/International\/wp-json\/wp\/v2\/users\/1738"}],"replies":[{"embeddable":true,"href":"https:\/\/linitiative.ca\/International\/wp-json\/wp\/v2\/comments?post=29968"}],"version-history":[{"count":0,"href":"https:\/\/linitiative.ca\/International\/wp-json\/wp\/v2\/posts\/29968\/revisions"}],"wp:featuredmedia":[{"embeddable":true,"href":"https:\/\/linitiative.ca\/International\/wp-json\/"}],"wp:attachment":[{"href":"https:\/\/linitiative.ca\/International\/wp-json\/wp\/v2\/media?parent=29968"}],"wp:term":[{"taxonomy":"category","embeddable":true,"href":"https:\/\/linitiative.ca\/International\/wp-json\/wp\/v2\/categories?post=29968"},{"taxonomy":"post_tag","embeddable":true,"href":"https:\/\/linitiative.ca\/International\/wp-json\/wp\/v2\/tags?post=29968"}],"curies":[{"name":"wp","href":"https:\/\/api.w.org\/{rel}","templated":true}]}}