{"id":29991,"date":"2019-04-24T12:42:10","date_gmt":"2019-04-24T16:42:10","guid":{"rendered":"https:\/\/linitiative.ca\/International\/88563-championnat-militaire-de-pentathlon-naval-l-equipe-de-mers-el-kebir-sacree\/"},"modified":"2019-04-24T12:42:10","modified_gmt":"2019-04-24T16:42:10","slug":"88563-championnat-militaire-de-pentathlon-naval-l-equipe-de-mers-el-kebir-sacree","status":"publish","type":"post","link":"https:\/\/linitiative.ca\/International\/88563-championnat-militaire-de-pentathlon-naval-l-equipe-de-mers-el-kebir-sacree\/","title":{"rendered":"Championnat militaire de pentathlon naval: l\u2019\u00e9quipe de Mers El-K\u00e9bir sacr\u00e9e"},"content":{"rendered":"<div>\n<div class=\"K2FeedImage\"><img decoding=\"async\" src=\"http:\/\/www.aps.dz\/media\/k2\/items\/cache\/c5ce2bb8c537b9340c72f4f29029e80d_S.jpg\" alt=\"Championnat militaire de pentathlon naval: l\u2019\u00e9quipe de Mers El-K\u00e9bir sacr\u00e9e\"><\/div>\n<div class=\"K2FeedIntroText\">\n<p>ORAN- L\u2019\u00e9quipe de la Base navale de Mers El-K\u00e9bir a remport\u00e9, en individuel et par \u00e9quipes, la 12e \u00e9dition du championnat national militaire de pentathlon naval, cl\u00f4tur\u00e9e mercredi \u00e0 la Base navale de Mers El-K\u00e9bir relevant de la 2e R\u00e9gion militaire.<\/p>\n<\/div>\n<div class=\"K2FeedFullText\">\n<blockquote>\n<p><em><strong>Il s\u2019agit de la troisi\u00e8me fois de rang que cette \u00e9quipe se distingue dans cette \u00e9preuve, \u00e0 laquelle ont pris part depuis dimanche pass\u00e9 une trentaine de sportifs repr\u00e9sentant six \u00e9quipes.<\/strong><\/em><\/p>\n<\/blockquote>\n<p>Outre l\u2019\u00e9quipe de la Base navale de Mers El-K\u00e9bir, y \u00e9taient \u00e9galement pr\u00e9sentes celles de l\u2019Ecole des sous-officiers des forces navales relevant de la Fa\u00e7ade maritime Ouest, de la Base navale d\u2019Alger relevant de la Fa\u00e7ade maritime Centre, de l\u2019Ecole sup\u00e9rieure de la marine relevant de la Fa\u00e7ade Centre, de la Base navale de Jijel relevant de la Fa\u00e7ade maritime Est et de l\u2019Ecole d\u2019application de la marine relevant de la Fa\u00e7ade maritime Est.<\/p>\n<p>Le capitaine d\u2019\u00e9quipe de la Base navale de Mers El-K\u00e9bir, Mahieddine Youcef, a estim\u00e9 que cette cons\u00e9cration \u00e9tait somme toute m\u00e9rit\u00e9e, au vu du niveau affich\u00e9 par ses camarades et lui dans les cinq \u00e9preuves inscrites au programme.<\/p>\n<blockquote>\n<p><em><strong>\u00ab\u00a0Nous nous sommes bien pr\u00e9par\u00e9s pour ce rendez-vous, gr\u00e2ce aux moyens mis \u00e0 notre disposition par l\u2019\u00e9tat major de notre base. Certes, nous avons \u00e9prouv\u00e9 quelques difficult\u00e9s dans les premi\u00e8res \u00e9preuves, mais par la suite, nous avons r\u00e9ussi \u00e0 nous imposer pour \u00eatre sacr\u00e9s pour la troisi\u00e8me fois d\u2019affil\u00e9e dans ce championnat\u00a0\u00bb, a-t-il d\u00e9clar\u00e9 \u00e0 l\u2019APS.<\/strong><\/em><\/p>\n<\/blockquote>\n<p>Le m\u00eame athl\u00e8te a souhait\u00e9 que son \u00e9quipe, dont les \u00e9l\u00e9ments repr\u00e9sentent la s\u00e9lection nationale militaire de pentathlon, soit engag\u00e9e dans des comp\u00e9titions internationales cette saison \u00ab\u00a0afin de jauger (ses) capacit\u00e9s au niveau mondial\u00a0\u00bb.<\/p>\n<p>Les cinq \u00e9preuves inscrites dans ce tournoi sont: les techniques navales, le sauvetage, la natation utilitaire, la course d\u2019obstacles ainsi que le cross-country et amphibie.<\/p>\n<p>La c\u00e9r\u00e9monie de remise des troph\u00e9es aux laur\u00e9ats a \u00e9t\u00e9 pr\u00e9sid\u00e9e par le g\u00e9n\u00e9ral Cha\u00e2lal Abdelaziz, commandant de la Fa\u00e7ade maritime Ouest de la 2e RM, au nom du g\u00e9n\u00e9ral-major, commandant de la 2e RM et le g\u00e9n\u00e9ral-major, commandant des Forces navales de la 2e RM.<\/p>\n<p>\u00a0<\/p>\n<p><strong>R\u00e9sultats finaux :<\/strong><\/p>\n<p>\u00a0<\/p>\n<p><strong>Individuel :<\/strong><\/p>\n<ol>\n<li>Mahieddine Youcef \/ Base navale de Mers El-K\u00e9bir (5.229 pts)<\/li>\n<li>Maameri Houssem Eddine \/ Base navale de Mers El-K\u00e9bir (4.952 pts)<\/li>\n<li>Ferrache Ahmed \/ Base navale de Mers El-K\u00e9bir (4.949 pts)<\/li>\n<\/ol>\n<p>\u00a0<\/p>\n<p><strong>Par \u00e9quipes :<\/strong><\/p>\n<ol>\n<li>Base navale<\/li>\n<\/ol>\n<p>de Mers El-K\u00e9bir 2e RM (19.966 pts)<\/p>\n<ol start=\"2\">\n<li>Ecole sup\u00e9rieure de la marine 1re RM (14.925 pts)<\/li>\n<li>Ecole d\u2019application de la marine 5e RM (14.050 pts).<\/li>\n<\/ol>\n<\/div>\n<p><img loading=\"lazy\" decoding=\"async\" src=\"http:\/\/feeds.feedburner.com\/~r\/aps-sport\/~4\/CQmNBbxFzaA\" height=\"1\" width=\"1\" alt=\"\"><\/div>\n<p>Auteur:<br \/>\n<a href=\"http:\/\/www.aps.dz\/sport\/88563-championnat-militaire-de-pentathlon-naval-l-equipe-de-mers-el-kebir-sacree?utm_source=feedburner&#038;utm_medium=feed&#038;utm_campaign=Feed%3A+aps-sport+%28APS+-+SPORT%29\">Cliquez ici pour lire l&rsquo;article depuis sa source.<\/a><\/p>\n","protected":false},"excerpt":{"rendered":"<p>ORAN- L\u2019\u00e9quipe de la Base navale de Mers El-K\u00e9bir a remport\u00e9, en individuel et par \u00e9quipes, la 12e \u00e9dition du championnat national militaire de pentathlon naval, cl\u00f4tur\u00e9e mercredi \u00e0 la Base navale de Mers El-K\u00e9bir relevant de la 2e R\u00e9gion militaire. Il s\u2019agit de la troisi\u00e8me fois de rang que cette \u00e9quipe se distingue dans [&hellip;]<\/p>\n","protected":false},"author":1790,"featured_media":29992,"comment_status":"closed","ping_status":"closed","sticky":false,"template":"","format":"standard","meta":{"fifu_image_url":"","fifu_image_alt":"","footnotes":""},"categories":[53,75],"tags":[],"class_list":["post-29991","post","type-post","status-publish","format-standard","has-post-thumbnail","hentry","category-algerie","category-sport"],"_links":{"self":[{"href":"https:\/\/linitiative.ca\/International\/wp-json\/wp\/v2\/posts\/29991","targetHints":{"allow":["GET"]}}],"collection":[{"href":"https:\/\/linitiative.ca\/International\/wp-json\/wp\/v2\/posts"}],"about":[{"href":"https:\/\/linitiative.ca\/International\/wp-json\/wp\/v2\/types\/post"}],"author":[{"embeddable":true,"href":"https:\/\/linitiative.ca\/International\/wp-json\/wp\/v2\/users\/1790"}],"replies":[{"embeddable":true,"href":"https:\/\/linitiative.ca\/International\/wp-json\/wp\/v2\/comments?post=29991"}],"version-history":[{"count":0,"href":"https:\/\/linitiative.ca\/International\/wp-json\/wp\/v2\/posts\/29991\/revisions"}],"wp:featuredmedia":[{"embeddable":true,"href":"https:\/\/linitiative.ca\/International\/wp-json\/"}],"wp:attachment":[{"href":"https:\/\/linitiative.ca\/International\/wp-json\/wp\/v2\/media?parent=29991"}],"wp:term":[{"taxonomy":"category","embeddable":true,"href":"https:\/\/linitiative.ca\/International\/wp-json\/wp\/v2\/categories?post=29991"},{"taxonomy":"post_tag","embeddable":true,"href":"https:\/\/linitiative.ca\/International\/wp-json\/wp\/v2\/tags?post=29991"}],"curies":[{"name":"wp","href":"https:\/\/api.w.org\/{rel}","templated":true}]}}