{"id":29996,"date":"2019-04-24T14:07:00","date_gmt":"2019-04-24T18:07:00","guid":{"rendered":"https:\/\/linitiative.ca\/International\/sidi-bel-abbes-3000-policiers-mobilises-pour-le-mois-sacre\/"},"modified":"2019-04-24T14:07:00","modified_gmt":"2019-04-24T18:07:00","slug":"sidi-bel-abbes-3000-policiers-mobilises-pour-le-mois-sacre","status":"publish","type":"post","link":"https:\/\/linitiative.ca\/International\/sidi-bel-abbes-3000-policiers-mobilises-pour-le-mois-sacre\/","title":{"rendered":"SIDI BEL ABBES : 3000 policiers mobilis\u00e9s pour le mois sacr\u00e9"},"content":{"rendered":"<p><br id=\"sep_para_1\" class=\"sep_para access\"\/><\/p>\n<div id=\"para_1\" class=\"para_30591450 resize\">\n<div class=\"texte access firstletter\">C&rsquo;est un communiqu\u00e9 officiel \u00e9manant de la cellule d&rsquo;information et des relations publiques de la Suret\u00e9 de Wilaya de Sidi Bel Abb\u00e8s qui indique que pas moins de 3000 agents de\u00a0 police seraient mobilis\u00e9s pendant le mois sacr\u00e9 de Ramadan 2019.Ce dispositif s\u00e9curitaire impressionnant, selon la m\u00eame source,\u00a0 a \u00e9t\u00e9 mis en \u0153uvre pour que les citoyens puissent vivre ce mois b\u00e9ni et de pi\u00e9t\u00e9, en toute s\u00e9r\u00e9nit\u00e9 et que leurs biens\u00a0 soient \u00e9galement s\u00e9curis\u00e9s, de jour comme de nuit. Toutes les mesures de pr\u00e9vention sont prises par les services de la SW et dont la majeure partie des \u00e9l\u00e9ments seraient affect\u00e9s sur les lieux sensibles et connus pour leur grande affluence, notamment devant les mosqu\u00e9es, durant la pri\u00e8re des Tarawihs, afin que les fid\u00e8les accomplissent leur devoir tranquillement.\u00a0\u00a0\u00a0\u00a0\u00a0\u00a0\u00a0\u00a0\u00a0\u00a0\u00a0\u00a0<\/div>\n<\/div>\n<p>Auteur: M.Noui<br \/>\n<a href=\"https:\/\/www.reflexiondz.net\/SIDI-BEL-ABBES-3000-policiers-mobilises-pour-le-mois-sacre_a55545.html\">Cliquez ici pour lire l&rsquo;article depuis sa source.<\/a><\/p>\n","protected":false},"excerpt":{"rendered":"<p>C&rsquo;est un communiqu\u00e9 officiel \u00e9manant de la cellule d&rsquo;information et des relations publiques de la Suret\u00e9 de Wilaya de Sidi Bel Abb\u00e8s qui indique que pas moins de 3000 agents de\u00a0 police seraient mobilis\u00e9s pendant le mois sacr\u00e9 de Ramadan 2019.Ce dispositif s\u00e9curitaire impressionnant, selon la m\u00eame source,\u00a0 a \u00e9t\u00e9 mis en \u0153uvre pour que [&hellip;]<\/p>\n","protected":false},"author":1740,"featured_media":0,"comment_status":"closed","ping_status":"closed","sticky":false,"template":"","format":"standard","meta":{"fifu_image_url":"","fifu_image_alt":"","footnotes":""},"categories":[53,76],"tags":[],"class_list":["post-29996","post","type-post","status-publish","format-standard","hentry","category-algerie","category-regions"],"_links":{"self":[{"href":"https:\/\/linitiative.ca\/International\/wp-json\/wp\/v2\/posts\/29996","targetHints":{"allow":["GET"]}}],"collection":[{"href":"https:\/\/linitiative.ca\/International\/wp-json\/wp\/v2\/posts"}],"about":[{"href":"https:\/\/linitiative.ca\/International\/wp-json\/wp\/v2\/types\/post"}],"author":[{"embeddable":true,"href":"https:\/\/linitiative.ca\/International\/wp-json\/wp\/v2\/users\/1740"}],"replies":[{"embeddable":true,"href":"https:\/\/linitiative.ca\/International\/wp-json\/wp\/v2\/comments?post=29996"}],"version-history":[{"count":0,"href":"https:\/\/linitiative.ca\/International\/wp-json\/wp\/v2\/posts\/29996\/revisions"}],"wp:attachment":[{"href":"https:\/\/linitiative.ca\/International\/wp-json\/wp\/v2\/media?parent=29996"}],"wp:term":[{"taxonomy":"category","embeddable":true,"href":"https:\/\/linitiative.ca\/International\/wp-json\/wp\/v2\/categories?post=29996"},{"taxonomy":"post_tag","embeddable":true,"href":"https:\/\/linitiative.ca\/International\/wp-json\/wp\/v2\/tags?post=29996"}],"curies":[{"name":"wp","href":"https:\/\/api.w.org\/{rel}","templated":true}]}}