{"id":29997,"date":"2019-04-24T14:07:00","date_gmt":"2019-04-24T18:07:00","guid":{"rendered":"https:\/\/linitiative.ca\/International\/apres-avoir-commis-neuf-vols-consecutifs-trois-dangereux-voleurs-sous-les-verrous-a-mascara\/"},"modified":"2019-04-24T14:07:00","modified_gmt":"2019-04-24T18:07:00","slug":"apres-avoir-commis-neuf-vols-consecutifs-trois-dangereux-voleurs-sous-les-verrous-a-mascara","status":"publish","type":"post","link":"https:\/\/linitiative.ca\/International\/apres-avoir-commis-neuf-vols-consecutifs-trois-dangereux-voleurs-sous-les-verrous-a-mascara\/","title":{"rendered":"APRES AVOIR COMMIS NEUF VOLS  CONSECUTIFS : Trois dangereux voleurs, sous les verrous \u00e0 Mascara"},"content":{"rendered":"<p><br id=\"sep_para_1\" class=\"sep_para access\"\/><\/p>\n<div id=\"para_1\" class=\"para_30591444 resize\">\n<div class=\"texte access firstletter\">L\u2019op\u00e9ration a eu lieu suite \u00e0 des plaintes d\u00e9pos\u00e9es par les victimes aupr\u00e8s de la brigade, contre des individus inconnus, ayant commis des vols de l\u2019int\u00e9rieur de leurs v\u00e9hicules, \u00e0 travers diff\u00e9rents quartiers de la ville de Mascara. Les malfaiteurs avaient cibl\u00e9 des autoradios et d\u2019autres \u00e9quipements de voitures, ainsi que des sommes d\u2019argent. Les \u00e9l\u00e9ments de la brigade de Police Judiciaire ont\u00a0 ouvert une enqu\u00eate pour \u00e9lucider l\u2019affaire. Ils ont donc intensifi\u00e9 les patrouilles nocturnes au niveau des lieux suspects de la ville. Les \u00e9l\u00e9ments de la police ont ainsi r\u00e9ussi, en coordonnant les efforts avec les \u00e9l\u00e9ments de la Brigade Criminelle \u00e0 appr\u00e9hender un v\u00e9hicule suspect avec quatre individus \u00e0 bord, issus d\u2019une wilaya limitrophe. Ces derniers ont tent\u00e9 de prendre la fuite, or, ils ont \u00e9t\u00e9 poursuivis et arr\u00eat\u00e9s. A l\u2019int\u00e9rieur du v\u00e9hicule, des objets vol\u00e9s ont \u00e9t\u00e9 retrouv\u00e9s, \u00e0 savoir quatre autoradios, un t\u00e9l\u00e9phone portable, un cric auto, une caisse en bois contenant des cl\u00e9s de maintenance, et une somme d\u2019argent en pi\u00e8ces de valeurs diverses. Le lendemain, les victimes ont reconnu les objets vol\u00e9s leur appartenant. En parall\u00e8le, les \u00e9l\u00e9ments du service sont parvenus, en coordination avec la Brigade de Police Scientifique, \u00e0 \u00e9tablir la correspondance entre une empreinte relev\u00e9e lors d\u2019un vol et celle d\u2019un des suspects arr\u00eat\u00e9s, lesquels avaient profit\u00e9 des circonstances nocturnes pour commettre leurs m\u00e9faits en faisant usage de leur v\u00e9hicule pour faciliter le d\u00e9placement entre les quartiers sans attirer l\u2019attention. Une fois les proc\u00e9dures d\u2019enqu\u00eate accomplies, les mis en cause ont \u00e9t\u00e9 pr\u00e9sent\u00e9s devant la justice qui a ordonn\u00e9 le placement de trois d\u2019entre eux en d\u00e9tention alors que le mineur a b\u00e9n\u00e9fici\u00e9 d\u2019une citation directe.<\/div>\n<\/div>\n<p>Auteur: B.Boufaden<br \/>\n<a href=\"https:\/\/www.reflexiondz.net\/APRES-AVOIR-COMMIS-NEUF-VOLS-CONSECUTIFS-Trois-dangereux-voleurs-sous-les-verrous-a-Mascara_a55543.html\">Cliquez ici pour lire l&rsquo;article depuis sa source.<\/a><\/p>\n","protected":false},"excerpt":{"rendered":"<p>L\u2019op\u00e9ration a eu lieu suite \u00e0 des plaintes d\u00e9pos\u00e9es par les victimes aupr\u00e8s de la brigade, contre des individus inconnus, ayant commis des vols de l\u2019int\u00e9rieur de leurs v\u00e9hicules, \u00e0 travers diff\u00e9rents quartiers de la ville de Mascara. Les malfaiteurs avaient cibl\u00e9 des autoradios et d\u2019autres \u00e9quipements de voitures, ainsi que des sommes d\u2019argent. Les [&hellip;]<\/p>\n","protected":false},"author":1740,"featured_media":0,"comment_status":"closed","ping_status":"closed","sticky":false,"template":"","format":"standard","meta":{"fifu_image_url":"","fifu_image_alt":"","footnotes":""},"categories":[53,76],"tags":[],"class_list":["post-29997","post","type-post","status-publish","format-standard","hentry","category-algerie","category-regions"],"_links":{"self":[{"href":"https:\/\/linitiative.ca\/International\/wp-json\/wp\/v2\/posts\/29997","targetHints":{"allow":["GET"]}}],"collection":[{"href":"https:\/\/linitiative.ca\/International\/wp-json\/wp\/v2\/posts"}],"about":[{"href":"https:\/\/linitiative.ca\/International\/wp-json\/wp\/v2\/types\/post"}],"author":[{"embeddable":true,"href":"https:\/\/linitiative.ca\/International\/wp-json\/wp\/v2\/users\/1740"}],"replies":[{"embeddable":true,"href":"https:\/\/linitiative.ca\/International\/wp-json\/wp\/v2\/comments?post=29997"}],"version-history":[{"count":0,"href":"https:\/\/linitiative.ca\/International\/wp-json\/wp\/v2\/posts\/29997\/revisions"}],"wp:attachment":[{"href":"https:\/\/linitiative.ca\/International\/wp-json\/wp\/v2\/media?parent=29997"}],"wp:term":[{"taxonomy":"category","embeddable":true,"href":"https:\/\/linitiative.ca\/International\/wp-json\/wp\/v2\/categories?post=29997"},{"taxonomy":"post_tag","embeddable":true,"href":"https:\/\/linitiative.ca\/International\/wp-json\/wp\/v2\/tags?post=29997"}],"curies":[{"name":"wp","href":"https:\/\/api.w.org\/{rel}","templated":true}]}}