{"id":29998,"date":"2019-04-24T14:13:00","date_gmt":"2019-04-24T18:13:00","guid":{"rendered":"https:\/\/linitiative.ca\/International\/ould-kaddour-quitte-la-sonatrach-en-larmes\/"},"modified":"2019-04-24T14:13:00","modified_gmt":"2019-04-24T18:13:00","slug":"ould-kaddour-quitte-la-sonatrach-en-larmes","status":"publish","type":"post","link":"https:\/\/linitiative.ca\/International\/ould-kaddour-quitte-la-sonatrach-en-larmes\/","title":{"rendered":"Ould Kaddour quitte la Sonatrach en larmes"},"content":{"rendered":"<p><br id=\"sep_para_1\" class=\"sep_para access\"\/><\/p>\n<div id=\"para_1\" class=\"para_30591591 resize\">\n<div class=\"texte access firstletter\">Limog\u00e9, mardi, de son poste de PDG de la Sonatrach, Abdelmoumen Ould Kaddour a particip\u00e9 ce matin \u00e0 la traditionnelle c\u00e9r\u00e9monie de passation de consignes. Abdelmoumen Ould kaddour \u00e9tait visiblement tr\u00e8s \u00e9mu lui qui quitte la Sonatrach deux ans \u00e0 sa t\u00eate. Le d\u00e9sormais ex PDG n\u2019a pas retenu ses larmes \u00e0 la fin de la c\u00e9r\u00e9monie qui s\u2019est d\u00e9roul\u00e9e en pr\u00e9sence du ministre du secteur, Mohamed Arkab. Ould Kaddour \u00e9tait sous le coup de l\u2019\u00e9motion en saluant ses anciens collaborateurs. Quelques larmes lui ont \u00e9chapp\u00e9 alors qu\u2019il faisait ses adieux apr\u00e8s deux ans pass\u00e9s \u00e0 la t\u00eate du groupe p\u00e9trolier.<\/div>\n<\/div>\n<p>Auteur: R\u00e9flexion<br \/>\n<a href=\"https:\/\/www.reflexiondz.net\/Ould-Kaddour-quitte-la-Sonatrach-en-larmes_a55561.html\">Cliquez ici pour lire l&rsquo;article depuis sa source.<\/a><\/p>\n","protected":false},"excerpt":{"rendered":"<p>Limog\u00e9, mardi, de son poste de PDG de la Sonatrach, Abdelmoumen Ould Kaddour a particip\u00e9 ce matin \u00e0 la traditionnelle c\u00e9r\u00e9monie de passation de consignes. Abdelmoumen Ould kaddour \u00e9tait visiblement tr\u00e8s \u00e9mu lui qui quitte la Sonatrach deux ans \u00e0 sa t\u00eate. Le d\u00e9sormais ex PDG n\u2019a pas retenu ses larmes \u00e0 la fin de [&hellip;]<\/p>\n","protected":false},"author":1740,"featured_media":0,"comment_status":"closed","ping_status":"closed","sticky":false,"template":"","format":"standard","meta":{"fifu_image_url":"","fifu_image_alt":"","footnotes":""},"categories":[53,76],"tags":[],"class_list":["post-29998","post","type-post","status-publish","format-standard","hentry","category-algerie","category-regions"],"_links":{"self":[{"href":"https:\/\/linitiative.ca\/International\/wp-json\/wp\/v2\/posts\/29998","targetHints":{"allow":["GET"]}}],"collection":[{"href":"https:\/\/linitiative.ca\/International\/wp-json\/wp\/v2\/posts"}],"about":[{"href":"https:\/\/linitiative.ca\/International\/wp-json\/wp\/v2\/types\/post"}],"author":[{"embeddable":true,"href":"https:\/\/linitiative.ca\/International\/wp-json\/wp\/v2\/users\/1740"}],"replies":[{"embeddable":true,"href":"https:\/\/linitiative.ca\/International\/wp-json\/wp\/v2\/comments?post=29998"}],"version-history":[{"count":0,"href":"https:\/\/linitiative.ca\/International\/wp-json\/wp\/v2\/posts\/29998\/revisions"}],"wp:attachment":[{"href":"https:\/\/linitiative.ca\/International\/wp-json\/wp\/v2\/media?parent=29998"}],"wp:term":[{"taxonomy":"category","embeddable":true,"href":"https:\/\/linitiative.ca\/International\/wp-json\/wp\/v2\/categories?post=29998"},{"taxonomy":"post_tag","embeddable":true,"href":"https:\/\/linitiative.ca\/International\/wp-json\/wp\/v2\/tags?post=29998"}],"curies":[{"name":"wp","href":"https:\/\/api.w.org\/{rel}","templated":true}]}}