{"id":30007,"date":"2019-04-24T14:50:23","date_gmt":"2019-04-24T18:50:23","guid":{"rendered":"https:\/\/linitiative.ca\/International\/la-reussite-de-la-strategie-du-secteur-du-commerce-tributaire-de-la-mobilisation-des-ressources-financieres-necessaires\/"},"modified":"2019-04-24T14:50:23","modified_gmt":"2019-04-24T18:50:23","slug":"la-reussite-de-la-strategie-du-secteur-du-commerce-tributaire-de-la-mobilisation-des-ressources-financieres-necessaires","status":"publish","type":"post","link":"https:\/\/linitiative.ca\/International\/la-reussite-de-la-strategie-du-secteur-du-commerce-tributaire-de-la-mobilisation-des-ressources-financieres-necessaires\/","title":{"rendered":"La r\u00e9ussite de la strat\u00e9gie du secteur du commerce tributaire de la mobilisation des ressources financi\u00e8res n\u00e9cessaires"},"content":{"rendered":"<div readability=\"40\">\n<p>Marrakech- La r\u00e9ussite de la strat\u00e9gie du secteur du commerce reste tributaire de la mobilisation des ressources financi\u00e8res n\u00e9cessaires, a soulign\u00e9 mercredi, \u00e0 Marrakech, le ministre de l\u2019Industrie, de l\u2019Investissement, du Commerce et de l\u2019Economie Num\u00e9rique, Moulay Hafid Elalamy.<\/p>\n<\/div>\n<div readability=\"127\">\n<p>Intervenant \u00e0 une pl\u00e9ni\u00e8re sous le th\u00e8me \u00ab\u00a0Optimiser le commerce, prot\u00e9ger le commer\u00e7ant, une impulsion nouvelle pour une ambition commune\u00a0\u00bb, dans le cadre du Forum marocain du commerce, M. Elalamy a relev\u00e9 que le commerce de proximit\u00e9 constitue un acteur central dans l\u2019\u00e9conomie nationale, ce qui exige d\u2019accorder \u00e0 cette cat\u00e9gorie une attention particuli\u00e8re afin de hisser son niveau et accompagner les petits commer\u00e7ants en d\u00e9veloppant leur comp\u00e9titivit\u00e9 et en les b\u00e9n\u00e9ficiant d\u2019une couverture m\u00e9dicale et d\u2019incitations fiscales tout en instaurant une planification urbaine de la petite commerce.<\/p>\n<p>Le ministre a \u00e0 cette occasion, pass\u00e9 en revue les principaux points de blocages qui entravent aujourd\u2019hui le d\u00e9veloppement du secteur, ainsi que les d\u00e9fis qui restent \u00e0 surmonter pour que ce dernier exprime son plein potentiel, faisant remarquer que la promotion du commerce reste tributaire de la mobilisation de tous les intervenants, dont les op\u00e9rateurs \u00e9conomiques, les partenaires sociaux, les repr\u00e9sentants des minist\u00e8res concern\u00e9s, les autorit\u00e9s locales et les professionnels, dans le cadre d\u2019une strat\u00e9gie nationale visant la mise en place d\u2019un plan d\u2019action commun efficient prot\u00e9geant le commer\u00e7ant et permettant la modernisation graduelle du secteur.<\/p>\n<p>Dans ce contexte, M. Elalamy a tenu \u00e0 rappeler les avantages de la strat\u00e9gie \u00ab\u00a0Rawaj\u00a0\u00bb de d\u00e9veloppement du commerce et de la distribution qui n\u2019a pas b\u00e9n\u00e9fici\u00e9 du soutien financier suffisant lui garantissant la p\u00e9rennit\u00e9, a-t-il d\u00e9plor\u00e9, faisant savoir que le minist\u00e8re poursuivra l\u2019\u00e9laboration de la strat\u00e9gie visant la promotion de ce secteur en partant des recommandations des professionnels lors de rencontres avec les organisations professionnelles et forums r\u00e9gionaux ainsi que le Forum marocain du commerce afin de les pr\u00e9senter au gouvernement dans le but de cr\u00e9er une coordination et une compl\u00e9mentarit\u00e9 avec les autres strat\u00e9gies sectorielles.<\/p>\n<p>Le pr\u00e9sident de la Conf\u00e9d\u00e9ration g\u00e9n\u00e9rale des entreprises du Maroc (CGEM), Salahedine Mezouar, a soulign\u00e9 pour sa part, que la premi\u00e8re strat\u00e9gie du commerce (Rawaj) n\u2019a pas atteint les objectifs escompt\u00e9s, 12 ans apr\u00e8s sa pr\u00e9sentation, mettant l\u2019accent sur la n\u00e9cessit\u00e9 de f\u00e9d\u00e9rer les efforts de tous les intervenants du secteur pour mettre en \u0153uvre les recommandations de ce forum dans la perspective de promouvoir le secteur du commerce et prot\u00e9ger les petits commer\u00e7ants.<\/p>\n<p>De son c\u00f4t\u00e9, le Pr\u00e9sident du Syndicat National des Commer\u00e7ants et Professionnels, Nabil Nouri, a fait remarquer que le petit commer\u00e7ant fait face \u00e0 plusieurs contraintes alors qu\u2019il joue un r\u00f4le important au niveau socio-\u00e9conomique, appelant \u00e0 pr\u00e9server \u00ab\u00a0ce patrimoine professionnel\u00a0\u00bb en b\u00e9n\u00e9ficiant le commer\u00e7ant d\u2019une couverture m\u00e9dicale et d\u2019une protection contre la concurrence des grandes enseignes et ce, par la modernisation, l\u2019accompagnement, la formation des petits commer\u00e7ants et l\u2019organisation des commer\u00e7ants ambulants afin de hisser le niveau du secteur du commerce au Maroc.<\/p>\n<p>Le Pr\u00e9sident de la F\u00e9d\u00e9ration des Chambres Marocaines de Commerce, d\u2019Industrie et de Services (FCMCIS), Omar Moro, a soulign\u00e9 pour sa part, que l\u2019instauration d\u2019un nouveau mod\u00e8le de d\u00e9veloppement concernant le commerce, reste tributaire de la f\u00e9d\u00e9ration des efforts de tous les intervenants pour la promotion du secteur du commerce et les petits commer\u00e7ants.<\/p>\n<p>Dans ce contexte, il a relev\u00e9 que la r\u00e9ussite du secteur demeure tributaire de la mise en \u0153uvre des recommandations qui seront \u00e9mises de ce forum, faisant observer que les assises r\u00e9gionales du commerce ont d\u00e9montr\u00e9 la n\u00e9cessit\u00e9 d\u2019approfondir la r\u00e9flexion sur les aspects l\u00e9gislatif et r\u00e9glementaire, la gouvernance de gestion et l\u2019aspect social relatif aux commer\u00e7ants.<\/p>\n<p>Plac\u00e9 sous le Haut Patronage de SM le Roi Mohammed VI et organis\u00e9 par le minist\u00e8re de l\u2019Industrie, de l\u2019Investissement, du Commerce et de l\u2019Economie Num\u00e9rique, le Forum marocain du commerce se veut un espace de d\u00e9bat, d\u2019\u00e9change participatif et inclusif dans lequel les diff\u00e9rentes parties prenantes mutualiseront leurs connaissances du terrain pour d\u00e9livrer des recommandations claires et r\u00e9alisables.<\/p>\n<p>Il s\u2019agit concr\u00e8tement d\u2019adopter une approche qui permette de f\u00e9d\u00e9rer et d\u2019organiser le commerce marocain, tout en rassemblant les initiatives et en r\u00e9formant la gouvernance sectorielle.<\/p>\n<p>Le forum sera une occasion d\u2019aborder les principales probl\u00e9matiques et pistes de r\u00e9formes \u00e0 m\u00eame de permettre au commerce national d\u2019atteindre son plein potentiel en pla\u00e7ant au coeur de cette dynamique le r\u00f4le moteur du commer\u00e7ant marocain, acteur central du d\u00e9veloppement.<\/p>\n<p>Cet \u00e9v\u00e9nement intervient suite aux Assises r\u00e9gionales sur le commerce, organis\u00e9es dans les 12 r\u00e9gions du Royaume. Ce travail de concertation r\u00e9gionale a permis de r\u00e9unir pr\u00e8s de 9.400 participants pour aboutir \u00e0 des recommandations qui visent \u00e0 lib\u00e9rer le potentiel commercial du Maroc et lui permettre de relever les d\u00e9fis pos\u00e9s par l\u2019ouverture des march\u00e9s, les d\u00e9fis sociaux, \u00e9conomiques et de reconstruction.<\/p>\n<\/div>\n<p>Auteur: Mohammed KOURSI<br \/>\n<a href=\"http:\/\/www.mapmarrakech.ma\/fr\/la-reussite-de-la-strategie-du-secteur-du-commerce-tributaire-de-la-mobilisation-des-ressources-financieres-necessaires\/\">Cliquez ici pour lire l&rsquo;article depuis sa source.<\/a><\/p>\n","protected":false},"excerpt":{"rendered":"<p>Marrakech- La r\u00e9ussite de la strat\u00e9gie du secteur du commerce reste tributaire de la mobilisation des ressources financi\u00e8res n\u00e9cessaires, a soulign\u00e9 mercredi, \u00e0 Marrakech, le ministre de l\u2019Industrie, de l\u2019Investissement, du Commerce et de l\u2019Economie Num\u00e9rique, Moulay Hafid Elalamy. Intervenant \u00e0 une pl\u00e9ni\u00e8re sous le th\u00e8me \u00ab\u00a0Optimiser le commerce, prot\u00e9ger le commer\u00e7ant, une impulsion nouvelle [&hellip;]<\/p>\n","protected":false},"author":1788,"featured_media":0,"comment_status":"closed","ping_status":"closed","sticky":false,"template":"","format":"standard","meta":{"fifu_image_url":"","fifu_image_alt":"","footnotes":""},"categories":[54,76],"tags":[],"class_list":["post-30007","post","type-post","status-publish","format-standard","hentry","category-maroc","category-regions"],"_links":{"self":[{"href":"https:\/\/linitiative.ca\/International\/wp-json\/wp\/v2\/posts\/30007","targetHints":{"allow":["GET"]}}],"collection":[{"href":"https:\/\/linitiative.ca\/International\/wp-json\/wp\/v2\/posts"}],"about":[{"href":"https:\/\/linitiative.ca\/International\/wp-json\/wp\/v2\/types\/post"}],"author":[{"embeddable":true,"href":"https:\/\/linitiative.ca\/International\/wp-json\/wp\/v2\/users\/1788"}],"replies":[{"embeddable":true,"href":"https:\/\/linitiative.ca\/International\/wp-json\/wp\/v2\/comments?post=30007"}],"version-history":[{"count":0,"href":"https:\/\/linitiative.ca\/International\/wp-json\/wp\/v2\/posts\/30007\/revisions"}],"wp:attachment":[{"href":"https:\/\/linitiative.ca\/International\/wp-json\/wp\/v2\/media?parent=30007"}],"wp:term":[{"taxonomy":"category","embeddable":true,"href":"https:\/\/linitiative.ca\/International\/wp-json\/wp\/v2\/categories?post=30007"},{"taxonomy":"post_tag","embeddable":true,"href":"https:\/\/linitiative.ca\/International\/wp-json\/wp\/v2\/tags?post=30007"}],"curies":[{"name":"wp","href":"https:\/\/api.w.org\/{rel}","templated":true}]}}