{"id":30014,"date":"2019-04-24T12:37:07","date_gmt":"2019-04-24T16:37:07","guid":{"rendered":"https:\/\/linitiative.ca\/International\/paris-la-deuxieme-participation-des-startups-marocaines-au-salon-viva-technology\/"},"modified":"2019-04-24T12:37:07","modified_gmt":"2019-04-24T16:37:07","slug":"paris-la-deuxieme-participation-des-startups-marocaines-au-salon-viva-technology","status":"publish","type":"post","link":"https:\/\/linitiative.ca\/International\/paris-la-deuxieme-participation-des-startups-marocaines-au-salon-viva-technology\/","title":{"rendered":"Paris : la deuxi\u00e8me participation des startups marocaines au salon Viva Technology"},"content":{"rendered":"<p>La 4\u00e8me \u00e9dition du Salon Viva Technology \u00ab <strong>VIVATECH<\/strong> \u00bb, qui se d\u00e9roule du 16 au 18 mai 2019 \u00e0 <strong>Paris<\/strong>, connait cette ann\u00e9e une deuxi\u00e8me participation de startups marocaines.<\/p>\n<div class=\"c10\"\/>\n<p>Un des plus grands rendez-vous des startups et de l\u2019innovation dans le monde, d\u00e9di\u00e9 \u00e0 la transformation digitale et \u00e0 l\u2019innovation, Vivatech 2019 r\u00e9unira startups, chefs d\u2019entreprises et cadres, investisseurs, universitaires, \u00e9tudiants et m\u00e9dias venus des quatre coins du monde afin de susciter la collaboration entre eux.<\/p>\n<p>Ce salon a pour objectif de mettre en avant le potentiel des startups tech marocaines en termes d\u2019innovation dans le digital et faciliter leur rapprochement avec les investisseurs et grands groupes pr\u00e9sents. Il sera \u00e9galement l\u2019occasion pour informer sur l\u2019\u00e9cosyst\u00e8me d\u2019accompagnement mis \u00e0 la disposition des startups au Maroc et se benchmarker par rapport aux autres pays notamment ceux de la zone MENA et de l\u2019Afrique subsaharienne.<\/p>\n<p>Lire aussi: <a href=\"https:\/\/www.challenge.ma\/un-incubateur-chilien-recrute-des-startups-marocaines-104382\/\" target=\"_blank\" rel=\"noopener noreferrer\">Un incubateur chilien recrute des startups marocaines<\/a><\/p>\n<p>La plateforme Kourtim, qui rationalise et optimise la logistique du transport routier en temps r\u00e9el sera bien pr\u00e9sente, accompagn\u00e9e de Popaddress sp\u00e9cialis\u00e9e en location d\u2019espaces commerciaux, ainsi que 14 autres startups tech marocaines innovantes \u00e0 fort potentiel, qui vont pouvoir accompagner, cette ann\u00e9e, la d\u00e9l\u00e9gation marocaine pour participer \u00e0 ce grand \u00e9v\u00e9nement de l\u2019innovation digitale.<\/p>\n<p>Rappelons que la participation marocaine est organis\u00e9e par le minist\u00e8re de l\u2019Industrie, de l\u2019investissement, du commerce et de l\u2019\u00e9conomie num\u00e9rique et l\u2019Agence du d\u00e9veloppement du digital (ADD) en partenariat avec l\u2019Agence nationale de r\u00e9glementation des t\u00e9l\u00e9communications (ANRT).<\/p>\n<p>A noter que sur place, les jeunes startups pourront non seulement faire la d\u00e9monstration de leur savoir-faire, mais aussi tisser leurs r\u00e9seaux et assister \u00e0 des conf\u00e9rences.<\/p>\n<div class=\"c17\">\n<fieldset class=\"c16\">\n<legend><strong><span class=\"c11\">Challenge<\/span><span class=\"c12\">news<\/span><\/strong><\/legend>\n<div class=\"c15\">Le meilleur de la r\u00e9daction s\u00e9lectionn\u00e9 par Challenge :<\/p>\n<\/div>\n<\/fieldset>\n<\/div>\n<p>Auteur: Hajar DARI<br \/>\n<a href=\"https:\/\/www.challenge.ma\/paris-la-deuxieme-participation-des-startups-marocaines-au-salon-viva-technology-108200\/\">Cliquez ici pour lire l&rsquo;article depuis sa source.<\/a><\/p>\n","protected":false},"excerpt":{"rendered":"<p>La 4\u00e8me \u00e9dition du Salon Viva Technology \u00ab VIVATECH \u00bb, qui se d\u00e9roule du 16 au 18 mai 2019 \u00e0 Paris, connait cette ann\u00e9e une deuxi\u00e8me participation de startups marocaines. Un des plus grands rendez-vous des startups et de l\u2019innovation dans le monde, d\u00e9di\u00e9 \u00e0 la transformation digitale et \u00e0 l\u2019innovation, Vivatech 2019 r\u00e9unira startups, [&hellip;]<\/p>\n","protected":false},"author":1787,"featured_media":0,"comment_status":"closed","ping_status":"closed","sticky":false,"template":"","format":"standard","meta":{"fifu_image_url":"","fifu_image_alt":"","footnotes":""},"categories":[78,54],"tags":[],"class_list":["post-30014","post","type-post","status-publish","format-standard","hentry","category-economie","category-maroc"],"_links":{"self":[{"href":"https:\/\/linitiative.ca\/International\/wp-json\/wp\/v2\/posts\/30014","targetHints":{"allow":["GET"]}}],"collection":[{"href":"https:\/\/linitiative.ca\/International\/wp-json\/wp\/v2\/posts"}],"about":[{"href":"https:\/\/linitiative.ca\/International\/wp-json\/wp\/v2\/types\/post"}],"author":[{"embeddable":true,"href":"https:\/\/linitiative.ca\/International\/wp-json\/wp\/v2\/users\/1787"}],"replies":[{"embeddable":true,"href":"https:\/\/linitiative.ca\/International\/wp-json\/wp\/v2\/comments?post=30014"}],"version-history":[{"count":0,"href":"https:\/\/linitiative.ca\/International\/wp-json\/wp\/v2\/posts\/30014\/revisions"}],"wp:attachment":[{"href":"https:\/\/linitiative.ca\/International\/wp-json\/wp\/v2\/media?parent=30014"}],"wp:term":[{"taxonomy":"category","embeddable":true,"href":"https:\/\/linitiative.ca\/International\/wp-json\/wp\/v2\/categories?post=30014"},{"taxonomy":"post_tag","embeddable":true,"href":"https:\/\/linitiative.ca\/International\/wp-json\/wp\/v2\/tags?post=30014"}],"curies":[{"name":"wp","href":"https:\/\/api.w.org\/{rel}","templated":true}]}}