{"id":30018,"date":"2019-04-24T11:13:52","date_gmt":"2019-04-24T15:13:52","guid":{"rendered":"https:\/\/linitiative.ca\/International\/tunisie-renouvellement-du-conseil-municipal-du-bardo-lisie-annonce-un-calendrier-des-elections\/"},"modified":"2019-04-24T11:13:52","modified_gmt":"2019-04-24T15:13:52","slug":"tunisie-renouvellement-du-conseil-municipal-du-bardo-lisie-annonce-un-calendrier-des-elections","status":"publish","type":"post","link":"https:\/\/linitiative.ca\/International\/tunisie-renouvellement-du-conseil-municipal-du-bardo-lisie-annonce-un-calendrier-des-elections\/","title":{"rendered":"Tunisie: Renouvellement du Conseil municipal du Bardo, l\u2019ISIE annonce un calendrier des \u00e9lections"},"content":{"rendered":"<div class=\"post-cont-in left relative\">\n<div class=\"nc_socialPanel swp_flatFresh swp_d_fullColor swp_i_fullColor swp_o_fullColor scale-100 scale-fullWidth\" data-position=\"none\" data-float=\"floatNone\" data-count=\"5\" data-floatcolor=\"#ffffff\" data-emphasize=\"0\">\n<div class=\"nc_tweetContainer totes totesalt\" data-id=\"6\"><span class=\"swp_count\"><span class=\"swp_label\">Partages<\/span> 0<\/span><\/div>\n<\/div>\n<p>Le pr\u00e9sident de l\u2019Instance sup\u00e9rieure ind\u00e9pendante \u00e9lectorale (ISIE), Nabil Bafoun a affirm\u00e9 que la r\u00e9ception des candidatures aux \u00e9lections du conseil municipal de Bardo aura lieu du 7 au 14 mai prochain, tandis que les \u00e9lections auront lieu, en principe, le 14 ou le 21 juillet 2019.<\/p>\n<p>Lors d\u2019un entretien mercredi avec les journalistes de la TAP, Nabil Bafoun a d\u00e9clar\u00e9 que la date des \u00e9lections n\u2019\u00e9tait pas encore d\u00e9finitive, pr\u00e9cisant que le\u00a021 juillet co\u00efncide avec le d\u00e9but du d\u00e9p\u00f4t\u00a0 des candidatures aux \u00e9lections l\u00e9gislatives de 2019 et constituera un fardeau pour la section de l\u2019Instance de Tunis 2.<\/p>\n<div class=\"code-block code-block-1 c3\"><ins class=\"adsbygoogle c2\" data-ad-layout=\"in-article\" data-ad-format=\"fluid\" data-ad-client=\"ca-pub-2102118777505746\" data-ad-slot=\"7301775417\"\/> <\/div>\n<div class=\"mvp-org-wrap mvp-org-logo\" itemprop=\"publisher\" itemscope=\"\" itemtype=\"https:\/\/schema.org\/Organization\"><img decoding=\"async\" src=\"https:\/\/www.tunisienumerique.com\/wp-content\/uploads\/2017\/02\/logo_tunisie_numerique.png\"\/><\/div>\n<div class=\"nc_socialPanel swp_flatFresh swp_d_fullColor swp_i_fullColor swp_o_fullColor scale-100 scale-fullWidth\" data-position=\"none\" data-float=\"floatNone\" data-count=\"5\" data-floatcolor=\"#ffffff\" data-emphasize=\"0\">\n<div class=\"nc_tweetContainer totes totesalt\" data-id=\"6\"><span class=\"swp_count\"><span class=\"swp_label\">Partages<\/span> 0<\/span><\/div>\n<\/div>\n<div class=\"mvp-related-posts left relative\">\n<h4 class=\"post-header\"><span class=\"post-header\">Lire aussi<\/span><\/h4>\n<\/div>\n<\/div>\n<p>Auteur: Mourad S<br \/>\n<a href=\"https:\/\/www.tunisienumerique.com\/tunisie-renouvellement-du-conseil-municipal-du-bardo-lisie-annonce-un-calendrier-des-elections\/\">Cliquez ici pour lire l&rsquo;article depuis sa source.<\/a><\/p>\n","protected":false},"excerpt":{"rendered":"<p>Partages 0 Le pr\u00e9sident de l\u2019Instance sup\u00e9rieure ind\u00e9pendante \u00e9lectorale (ISIE), Nabil Bafoun a affirm\u00e9 que la r\u00e9ception des candidatures aux \u00e9lections du conseil municipal de Bardo aura lieu du 7 au 14 mai prochain, tandis que les \u00e9lections auront lieu, en principe, le 14 ou le 21 juillet 2019. Lors d\u2019un entretien mercredi avec les [&hellip;]<\/p>\n","protected":false},"author":1789,"featured_media":30021,"comment_status":"closed","ping_status":"closed","sticky":false,"template":"","format":"standard","meta":{"fifu_image_url":"","fifu_image_alt":"","footnotes":""},"categories":[73,55],"tags":[],"class_list":["post-30018","post","type-post","status-publish","format-standard","has-post-thumbnail","hentry","category-actualite","category-tunisie"],"_links":{"self":[{"href":"https:\/\/linitiative.ca\/International\/wp-json\/wp\/v2\/posts\/30018","targetHints":{"allow":["GET"]}}],"collection":[{"href":"https:\/\/linitiative.ca\/International\/wp-json\/wp\/v2\/posts"}],"about":[{"href":"https:\/\/linitiative.ca\/International\/wp-json\/wp\/v2\/types\/post"}],"author":[{"embeddable":true,"href":"https:\/\/linitiative.ca\/International\/wp-json\/wp\/v2\/users\/1789"}],"replies":[{"embeddable":true,"href":"https:\/\/linitiative.ca\/International\/wp-json\/wp\/v2\/comments?post=30018"}],"version-history":[{"count":0,"href":"https:\/\/linitiative.ca\/International\/wp-json\/wp\/v2\/posts\/30018\/revisions"}],"wp:featuredmedia":[{"embeddable":true,"href":"https:\/\/linitiative.ca\/International\/wp-json\/"}],"wp:attachment":[{"href":"https:\/\/linitiative.ca\/International\/wp-json\/wp\/v2\/media?parent=30018"}],"wp:term":[{"taxonomy":"category","embeddable":true,"href":"https:\/\/linitiative.ca\/International\/wp-json\/wp\/v2\/categories?post=30018"},{"taxonomy":"post_tag","embeddable":true,"href":"https:\/\/linitiative.ca\/International\/wp-json\/wp\/v2\/tags?post=30018"}],"curies":[{"name":"wp","href":"https:\/\/api.w.org\/{rel}","templated":true}]}}