{"id":30023,"date":"2019-04-24T12:50:06","date_gmt":"2019-04-24T16:50:06","guid":{"rendered":"https:\/\/linitiative.ca\/International\/trump-envoie-des-soldats-armes-a-la-frontiere-mexicaine\/"},"modified":"2019-04-24T12:50:06","modified_gmt":"2019-04-24T16:50:06","slug":"trump-envoie-des-soldats-armes-a-la-frontiere-mexicaine","status":"publish","type":"post","link":"https:\/\/linitiative.ca\/International\/trump-envoie-des-soldats-armes-a-la-frontiere-mexicaine\/","title":{"rendered":"Trump envoie des \u00ab\u00a0soldats arm\u00e9s\u00a0\u00bb \u00e0 la fronti\u00e8re mexicaine"},"content":{"rendered":"<div readability=\"32\">\n<p>Publi\u00e9 le 24.04.2019 \u00e0 17h50 par AFP<\/p>\n<\/div>\n<div readability=\"135\">\n<p>Donald Trump a annonc\u00e9 mercredi envoyer des \u00ab\u00a0soldats arm\u00e9s\u00a0\u00bb \u00e0 la fronti\u00e8re sud apr\u00e8s un incident avec des militaires mexicains, qu\u2019il accuse d\u2019\u00eatre complices de trafiquants de drogue, une nouvelle escalade verbale dans sa guerre ouverte contre l\u2019immigration clandestine.<\/p>\n<p>\u00ab\u00a0Des soldats mexicains ont r\u00e9cemment braqu\u00e9 avec leurs armes des soldats de notre Garde nationale, vraisemblablement dans une tactique de diversion pour des trafiquants de drogue \u00e0 la fronti\u00e8re (\u2026) Nous d\u00e9p\u00eachons imm\u00e9diatement des soldats arm\u00e9s \u00e0 la fronti\u00e8re\u00a0\u00bb, a tweet\u00e9 M. Trump.<\/p>\n<p>Il a accus\u00e9 le Mexique de ne \u00ab\u00a0faire pratiquement rien\u00a0\u00bb pour interpeller les migrants clandestins et les renvoyer dans leur pays d\u2019origine.<\/p>\n<p>Le pr\u00e9sident am\u00e9ricain n\u2019a pas pr\u00e9cis\u00e9 \u00e0 quel \u00e9v\u00e9nement il faisait r\u00e9f\u00e9rence, mais le Pentagone a confirm\u00e9 \u00e0 l\u2019AFP dans un communiqu\u00e9 un incident remontant au 13 avril pr\u00e8s de Clint, au Texas, lors duquel une demi-douzaine de soldats mexicains ont braqu\u00e9 deux soldats am\u00e9ricains qui se trouvaient dans un v\u00e9hicule banalis\u00e9, et d\u00e9sarm\u00e9 l\u2019un d\u2019entre eux.<\/p>\n<p>\u00ab\u00a0Les militaires mexicains ont cru que les soldats am\u00e9ricains se trouvaient au sud de la fronti\u00e8re\u00a0\u00bb, mais ces derniers \u00ab\u00a0se trouvaient bien sur le territoire am\u00e9ricain\u00a0\u00bb, a assur\u00e9 l\u2019arm\u00e9e am\u00e9ricaine dans son communiqu\u00e9.<\/p>\n<p>\u00ab\u00a0Apr\u00e8s une br\u00e8ve discussion entre les soldats des deux pays, les militaires mexicains ont quitt\u00e9 la zone\u00a0\u00bb, a ajout\u00e9 le commandement pour l\u2019Am\u00e9rique du Nord (Northcom), soulignant que ses hommes avaient \u00ab\u00a0suivi tous les protocoles et proc\u00e9dures appropri\u00e9s\u00a0\u00bb.<\/p>\n<p>Le pr\u00e9sident mexicain Andres Manuel Lopez Obrador a tent\u00e9 de calmer le jeu en assurant que son pays n\u2019avait pas l\u2019intention de \u00ab\u00a0se battre\u00a0\u00bb avec les Etats-Unis.<\/p>\n<p>\u00ab\u00a0Nous allons analyser cet incident, nous allons prendre en compte ce qu\u2019il signale et nous allons agir en conformit\u00e9 avec la loi dans le cadre de notre souverainet\u00e9\u00a0\u00bb, a-t-il d\u00e9clar\u00e9 au cours de son point de presse quotidien.<\/p>\n<p>\u2013 \u00ab\u00a0Provocation\u00a0\u00bb \u2013<\/p>\n<p>\u00ab\u00a0Nous, nous n\u2019allons pas tomber dans une quelconque provocation\u00a0\u00bb, a ajout\u00e9 le pr\u00e9sident mexicain. \u00ab\u00a0Le plus important, c\u2019est lui dire (\u00e0 M. Trump) que nous n\u2019allons pas nous battre avec le gouvernement des Etats-Unis (\u2026)que nous voulons une relation de respect mutuel et de coop\u00e9ration pour le d\u00e9veloppement\u00a0\u00bb.<\/p>\n<p><ins data-revive-zoneid=\"9\" data-revive-id=\"10111e19d28d19d031742ee3b0b33eb0\"\/> <\/p>\n<p>Donald Trump, qui a fait de la lutte contre l\u2019immigration ill\u00e9gale l\u2019un des fers de lance de sa pr\u00e9sidence, a par ailleurs \u00e9voqu\u00e9 sur Twitter \u00ab\u00a0une tr\u00e8s grosse caravane de 20.000 personnes\u00a0\u00bb se d\u00e9pla\u00e7ant au Mexique en direction des Etats-Unis.<\/p>\n<p>\u00ab\u00a0Le Mexique en a r\u00e9duit la taille, mais elle continue de progresser. Le Mexique doit arr\u00eater ce qu\u2019il en reste ou nous serons contraints de fermer cette portion de la fronti\u00e8re et d\u2019envoyer l\u2019arm\u00e9e. Les coyotes et les cartels ont des armes!\u00a0\u00bb, a-t-il mis en garde.<\/p>\n<p>Son homologue mexicain souhaite freiner le flux de migrants traversant le Mexique vers le nord, afin notamment de garantir leur s\u00e9curit\u00e9.<\/p>\n<p>Depuis plusieurs semaines, les autorit\u00e9s mexicaines proposent aux migrants qui entrent sur leur territoire un visa humanitaire d\u2019un an limit\u00e9 aux seuls Etats du sud du pays, qui remplace peu \u00e0 peu les visas humanitaires qui leur permettaient jusqu\u2019alors de circuler librement dans tout le pays.<\/p>\n<p>S\u2019ils progressent vers le nord, les migrants d\u00e9tenteurs de ce nouveau visa s\u2019exposent d\u00e9sormais \u00e0 une expulsion du territoire mexicain.<\/p>\n<p>M. Trump a salu\u00e9 dans un autre tweet \u00ab\u00a0le travail formidable\u00a0\u00bb r\u00e9alis\u00e9 par la police aux fronti\u00e8res am\u00e9ricaine. \u00ab\u00a0Elle a d\u00e9j\u00e0 interpell\u00e9 plus de 418.000 migrants clandestins cette ann\u00e9e, beaucoup plus que l\u2019an dernier\u00a0\u00bb \u00e0 la m\u00eame \u00e9poque, s\u2019est-il f\u00e9licit\u00e9.<\/p>\n<p>Depuis octobre, plusieurs milliers de migrants d\u2019Am\u00e9rique centrale organis\u00e9s en caravanes ont travers\u00e9 le Mexique dans l\u2019espoir d\u2019entrer aux Etats-Unis.<\/p>\n<p>Quelque 2.900 militaires am\u00e9ricains d\u2019active sont actuellement d\u00e9ploy\u00e9s le long de la fronti\u00e8re sud, ainsi que 2.000 r\u00e9servistes.<\/p>\n<p>\u00ab\u00a0Il y a toujours eu des militaires arm\u00e9s charg\u00e9s de la s\u00e9curit\u00e9 des troupes\u00a0\u00bb, a indiqu\u00e9 \u00e0 l\u2019AFP un responsable du Pentagone, sans pr\u00e9ciser la proportion de militaires portant une arme au sein de la force am\u00e9ricaine, surtout charg\u00e9e de renforcer la fronti\u00e8re par des rouleaux de barbel\u00e9s ou des syst\u00e8mes de surveillance \u00e9lectronique.<\/p>\n<\/div>\n<p>Auteur: AFP<br \/>\n<a href=\"https:\/\/www.journalducameroun.com\/fr\/trump-envoie-des-soldats-armes-a-la-frontiere-mexicaine\/\">Cliquez ici pour lire l&rsquo;article depuis sa source.<\/a><\/p>\n","protected":false},"excerpt":{"rendered":"<p>Publi\u00e9 le 24.04.2019 \u00e0 17h50 par AFP Donald Trump a annonc\u00e9 mercredi envoyer des \u00ab\u00a0soldats arm\u00e9s\u00a0\u00bb \u00e0 la fronti\u00e8re sud apr\u00e8s un incident avec des militaires mexicains, qu\u2019il accuse d\u2019\u00eatre complices de trafiquants de drogue, une nouvelle escalade verbale dans sa guerre ouverte contre l\u2019immigration clandestine. \u00ab\u00a0Des soldats mexicains ont r\u00e9cemment braqu\u00e9 avec leurs armes [&hellip;]<\/p>\n","protected":false},"author":1965,"featured_media":0,"comment_status":"closed","ping_status":"closed","sticky":false,"template":"","format":"standard","meta":{"fifu_image_url":"","fifu_image_alt":"","footnotes":""},"categories":[73,82],"tags":[],"class_list":["post-30023","post","type-post","status-publish","format-standard","hentry","category-actualite","category-cameroun"],"_links":{"self":[{"href":"https:\/\/linitiative.ca\/International\/wp-json\/wp\/v2\/posts\/30023","targetHints":{"allow":["GET"]}}],"collection":[{"href":"https:\/\/linitiative.ca\/International\/wp-json\/wp\/v2\/posts"}],"about":[{"href":"https:\/\/linitiative.ca\/International\/wp-json\/wp\/v2\/types\/post"}],"author":[{"embeddable":true,"href":"https:\/\/linitiative.ca\/International\/wp-json\/wp\/v2\/users\/1965"}],"replies":[{"embeddable":true,"href":"https:\/\/linitiative.ca\/International\/wp-json\/wp\/v2\/comments?post=30023"}],"version-history":[{"count":0,"href":"https:\/\/linitiative.ca\/International\/wp-json\/wp\/v2\/posts\/30023\/revisions"}],"wp:attachment":[{"href":"https:\/\/linitiative.ca\/International\/wp-json\/wp\/v2\/media?parent=30023"}],"wp:term":[{"taxonomy":"category","embeddable":true,"href":"https:\/\/linitiative.ca\/International\/wp-json\/wp\/v2\/categories?post=30023"},{"taxonomy":"post_tag","embeddable":true,"href":"https:\/\/linitiative.ca\/International\/wp-json\/wp\/v2\/tags?post=30023"}],"curies":[{"name":"wp","href":"https:\/\/api.w.org\/{rel}","templated":true}]}}