{"id":30026,"date":"2019-04-24T11:27:35","date_gmt":"2019-04-24T15:27:35","guid":{"rendered":"https:\/\/linitiative.ca\/International\/le-ministere-de-la-defense-traine-en-justice-pour-une-affaire-de-12-milliards-fcfa\/"},"modified":"2019-04-24T11:27:35","modified_gmt":"2019-04-24T15:27:35","slug":"le-ministere-de-la-defense-traine-en-justice-pour-une-affaire-de-12-milliards-fcfa","status":"publish","type":"post","link":"https:\/\/linitiative.ca\/International\/le-ministere-de-la-defense-traine-en-justice-pour-une-affaire-de-12-milliards-fcfa\/","title":{"rendered":"Le minist\u00e8re de la D\u00e9fense tra\u00een\u00e9 en justice pour une affaire de 12 milliards FCFA"},"content":{"rendered":"<p class=\"yiv0149135494MsoNormal\"><strong>Sisco International<\/strong> a d\u00e9cid\u00e9 de traduire en justice le Minist\u00e8re de la D\u00e9fense (Mindef). Le 16 avril 2019 au Tribunal administratif de Yaound\u00e9, les avocats de la soci\u00e9t\u00e9 fran\u00e7aise sp\u00e9cialis\u00e9e dans la livraison de cartouches et de d\u00e9pollution de sites dangereux a r\u00e9primand\u00e9 au Mindef de n\u2019avoir pas respect\u00e9 le contrat d\u2019un \u00ab\u00a0<em>march\u00e9 sp\u00e9cial\u00a0<\/em>\u00bb que les deux parties se seraient accord\u00e9es volontairement pour la livraison d\u2019une cargaison de trois millions de cartouches et munitions pour fusils d\u2019assaut, entre autres.<\/p>\n<p class=\"yiv0149135494MsoNormal\">Les faits remontent \u00e0 novembre 2008. En effet, au Tribunal administratif, Sisco International a racont\u00e9 avoir ex\u00e9cut\u00e9 \u00ab\u00a0<em>parfaitement<\/em>\u00bb un march\u00e9 li\u00e9 \u00e0 la fourniture de cartouches et de munitions pour fusils d\u2019assaut. La commande est \u00e9valu\u00e9e \u00e0 <strong>8 milliards FCFA<\/strong>. En plus de plusieurs autres prestations. Elle dit avoir conclu les accords avec des hauts responsables de l\u2019Etat et l\u2019implication de <strong>R\u00e9my Ze Meka<\/strong>, ex-ministre de la D\u00e9fense (2004-2009).<\/p>\n<p class=\"yiv0149135494MsoNormal\">Son successeur <strong>Edgar Alain Mebe Ngo\u2019o<\/strong> (Mindef de 2009 \u00e0 2015) va rejeter les termes de l\u2019accord suppos\u00e9 et nier la r\u00e9alit\u00e9 du march\u00e9.\u00a0 Dans ces conditions, Sisco International n\u2019a jamais r\u00e9ussi \u00e0 mener l\u2019ex\u00e9cution du projet jusqu\u2019\u00e0 son terme. En 2014, \u00a0elle envisage une tentative d\u2019arrangement \u00e0 l\u2019amiable avec l\u2019\u00c9tat. Ce qui a \u00e9t\u00e9 rejet\u00e9e. Et pour cause, les autorit\u00e9s estiment que ses pr\u00e9tentions n\u2019\u00e9manent pas d\u2019un contrat administratif. Le contrat est suppos\u00e9e inexistant, selon la partie camerounaise.<\/p>\n<p class=\"yiv0149135494MsoNormal\">Les avocats de la soci\u00e9t\u00e9 fran\u00e7aise nient cette position gouvernementale estimant qu\u2019il y a eu bel et bien un \u00ab\u00a0<em>contrat effectif\u00a0<\/em>\u00bb entre le Mindef et Sisco Internationale gr\u00e2ce \u00e0 un \u00ab\u00a0<em>accord de volont\u00e9<\/em>\u00a0\u00bb. Comme \u00e9l\u00e9ment de preuves, ils ont brandi devant les juges plusieurs correspondances dat\u00e9es de novembre 2008 sign\u00e9es du \u00ab\u00a0<em>chef d\u2019\u00e9tat-major particulier du pr\u00e9sident de la R\u00e9publique<\/em>\u00a0\u00bb pour cr\u00e9dibiliser leur posture. Me Abdoul Bagui, un des avocats, a soutenu que suite \u00e0 un compte rendu de l\u2019ex\u00e9cution du premier march\u00e9 attribu\u00e9 \u00e0 son client, le chef de l\u2019\u00c9tat avait marqu\u00e9 son accord pour qu\u2019un avenant soit accol\u00e9 au march\u00e9.<\/p>\n<p class=\"yiv0149135494MsoNormal\">La seconde correspondance pr\u00e9sent\u00e9e par l\u2019avocat est un message port\u00e9 qui saisit le Mindef en vue de la formalisation dudit avenant. La derni\u00e8re lettre a pour destinataire le minist\u00e8re des Finances. Il lui est demand\u00e9 le d\u00e9blocage des 8 milliards FCFA n\u00e9cessaires \u00e0 l\u2019ex\u00e9cution du march\u00e9 avec des pr\u00e9visions sur les modalit\u00e9s de versement de fonds et les d\u00e9lais. Cependant, la formalisation de l\u2019accord par \u00e9crit n\u2019a jamais eu lieu. Mais, pour l\u2019avocat de Sisco Internationale, l\u2019accord par \u00e9crit n\u2019est pas n\u00e9cessaire puisqu\u2019un \u00ab\u00a0<em>accord de volont\u00e9\u00a0<\/em>\u00bb \u00e9tait d\u00e9j\u00e0 n\u00e9 entre les deux parties. \u00ab\u00a0<em>Lorsqu\u2019il y a accord de volont\u00e9, il y a n\u00e9cessairement un contrat<\/em>\u00a0\u00bb, a plaid\u00e9 Me Abdoul Bagui.<\/p>\n<div class=\"about-author about-author-box container-wrapper\">\n<div class=\"author-avatar\">\n<p><img decoding=\"async\" src=\"http:\/\/\" alt=\"\"\/><\/p>\n<\/div>\n<p><h4>La R\u00e9daction EcoMatin<\/h4>\n<\/p>\n<\/div>\n<div class=\"awac-wrapper awac widget blog_subscription-2\">\n<h4 class=\"widget-title\">Abonnez-vous \u00e0 notre lettre d&rsquo;information<\/h4>\n<\/div>\n<p>Auteur: EcoMatin<br \/>\n<a href=\"https:\/\/ecomatin.net\/le-ministere-de-la-defense-traine-en-justice-pour-une-affaire-de-12-milliards-fcfa\/\">Cliquez ici pour lire l&rsquo;article depuis sa source.<\/a><\/p>\n","protected":false},"excerpt":{"rendered":"<p>Sisco International a d\u00e9cid\u00e9 de traduire en justice le Minist\u00e8re de la D\u00e9fense (Mindef). Le 16 avril 2019 au Tribunal administratif de Yaound\u00e9, les avocats de la soci\u00e9t\u00e9 fran\u00e7aise sp\u00e9cialis\u00e9e dans la livraison de cartouches et de d\u00e9pollution de sites dangereux a r\u00e9primand\u00e9 au Mindef de n\u2019avoir pas respect\u00e9 le contrat d\u2019un \u00ab\u00a0march\u00e9 sp\u00e9cial\u00a0\u00bb que [&hellip;]<\/p>\n","protected":false},"author":1969,"featured_media":0,"comment_status":"closed","ping_status":"closed","sticky":false,"template":"","format":"standard","meta":{"fifu_image_url":"","fifu_image_alt":"","footnotes":""},"categories":[82,78],"tags":[],"class_list":["post-30026","post","type-post","status-publish","format-standard","hentry","category-cameroun","category-economie"],"_links":{"self":[{"href":"https:\/\/linitiative.ca\/International\/wp-json\/wp\/v2\/posts\/30026","targetHints":{"allow":["GET"]}}],"collection":[{"href":"https:\/\/linitiative.ca\/International\/wp-json\/wp\/v2\/posts"}],"about":[{"href":"https:\/\/linitiative.ca\/International\/wp-json\/wp\/v2\/types\/post"}],"author":[{"embeddable":true,"href":"https:\/\/linitiative.ca\/International\/wp-json\/wp\/v2\/users\/1969"}],"replies":[{"embeddable":true,"href":"https:\/\/linitiative.ca\/International\/wp-json\/wp\/v2\/comments?post=30026"}],"version-history":[{"count":0,"href":"https:\/\/linitiative.ca\/International\/wp-json\/wp\/v2\/posts\/30026\/revisions"}],"wp:attachment":[{"href":"https:\/\/linitiative.ca\/International\/wp-json\/wp\/v2\/media?parent=30026"}],"wp:term":[{"taxonomy":"category","embeddable":true,"href":"https:\/\/linitiative.ca\/International\/wp-json\/wp\/v2\/categories?post=30026"},{"taxonomy":"post_tag","embeddable":true,"href":"https:\/\/linitiative.ca\/International\/wp-json\/wp\/v2\/tags?post=30026"}],"curies":[{"name":"wp","href":"https:\/\/api.w.org\/{rel}","templated":true}]}}