{"id":30037,"date":"2019-04-24T13:23:00","date_gmt":"2019-04-24T17:23:00","guid":{"rendered":"https:\/\/linitiative.ca\/International\/pose-de-la-premiere-pierre-du-siege-de-lacademie-diplomatique\/"},"modified":"2019-04-24T13:23:00","modified_gmt":"2019-04-24T17:23:00","slug":"pose-de-la-premiere-pierre-du-siege-de-lacademie-diplomatique","status":"publish","type":"post","link":"https:\/\/linitiative.ca\/International\/pose-de-la-premiere-pierre-du-siege-de-lacademie-diplomatique\/","title":{"rendered":"<div>Pose de la premi\u00e8re pierre du si\u00e8ge de l&rsquo;Acad\u00e9mie diplomatique<\/div>"},"content":{"rendered":"<p>Le projet de cr\u00e9ation d\u2019une acad\u00e9mie diplomatique relevant du minist\u00e8re des Affaires \u00e9trang\u00e8res sort des limbes avec la pose ce mercredi de la premi\u00e8re pierre du si\u00e8ge de cette institution qui co\u00efncide avec le 55e anniversaire de l\u2019\u00e9tablissement des relations tuniso-chinoises.L\u2019acad\u00e9mie remplacera l\u2019Institut diplomatique de Formation et d\u2019Etudes qui a \u00e9t\u00e9 cr\u00e9\u00e9 il y a 20 ans.<br \/>La cr\u00e9ation de cette acad\u00e9mie s\u2019inscrit notamment dans le cadre des efforts du minist\u00e8re de relever le niveau de comp\u00e9tence des\u00a0 diplomates et l\u2019am\u00e9lioration de la formation des cadres du minist\u00e8re et fonctionnaires de l\u2019Etat dans les domaines de la diplomatie et de la coop\u00e9ration internationale.<\/p>\n<p class=\"c2\"><img loading=\"lazy\" decoding=\"async\" src=\"\/uploads\/FCK_files\/57456959_2364751653582878_5571543400139718656_o.jpg\" class=\"responsive_img\" width=\"700\" vspace=\"5\" hspace=\"5\" height=\"467\" align=\"middle\" alt=\"\"\/><\/p>\n<p>Un int\u00e9r\u00eat particulier sera port\u00e9\u00a0 sur la dimension\u00a0 africaine des activit\u00e9s de l\u2019Acad\u00e9mie \u00e0 travers l\u2019organisation de cycles de formation r\u00e9serv\u00e9s aux diplomates africains\u00a0 dans le but de renforcer\u00a0 la pr\u00e9sence de la Tunisie en Afrique.<br \/>La future acad\u00e9mie sera \u00e9difi\u00e9e sur une superficie de 16000 M2. Le co\u00fbt du projet s\u2019\u00e9l\u00e8ve 88,58 millions de dinars. Les travaux de construction commenceront le premier juillet 2019 et dureront 24 mois.<br \/>\u00a0<\/p>\n<p>Auteur:<br \/>\n<a href=\"https:\/\/www.leaders.com.tn\/article\/26967-pose-de-la-premiere-pierre-du-siege-de-l-academie-diplomatique\">Cliquez ici pour lire l&rsquo;article depuis sa source.<\/a><\/p>\n","protected":false},"excerpt":{"rendered":"<p>Le projet de cr\u00e9ation d\u2019une acad\u00e9mie diplomatique relevant du minist\u00e8re des Affaires \u00e9trang\u00e8res sort des limbes avec la pose ce mercredi de la premi\u00e8re pierre du si\u00e8ge de cette institution qui co\u00efncide avec le 55e anniversaire de l\u2019\u00e9tablissement des relations tuniso-chinoises.L\u2019acad\u00e9mie remplacera l\u2019Institut diplomatique de Formation et d\u2019Etudes qui a \u00e9t\u00e9 cr\u00e9\u00e9 il y a [&hellip;]<\/p>\n","protected":false},"author":1772,"featured_media":30048,"comment_status":"closed","ping_status":"closed","sticky":false,"template":"","format":"standard","meta":{"fifu_image_url":"","fifu_image_alt":"","footnotes":""},"categories":[73,55],"tags":[],"class_list":["post-30037","post","type-post","status-publish","format-standard","has-post-thumbnail","hentry","category-actualite","category-tunisie"],"_links":{"self":[{"href":"https:\/\/linitiative.ca\/International\/wp-json\/wp\/v2\/posts\/30037","targetHints":{"allow":["GET"]}}],"collection":[{"href":"https:\/\/linitiative.ca\/International\/wp-json\/wp\/v2\/posts"}],"about":[{"href":"https:\/\/linitiative.ca\/International\/wp-json\/wp\/v2\/types\/post"}],"author":[{"embeddable":true,"href":"https:\/\/linitiative.ca\/International\/wp-json\/wp\/v2\/users\/1772"}],"replies":[{"embeddable":true,"href":"https:\/\/linitiative.ca\/International\/wp-json\/wp\/v2\/comments?post=30037"}],"version-history":[{"count":0,"href":"https:\/\/linitiative.ca\/International\/wp-json\/wp\/v2\/posts\/30037\/revisions"}],"wp:featuredmedia":[{"embeddable":true,"href":"https:\/\/linitiative.ca\/International\/wp-json\/"}],"wp:attachment":[{"href":"https:\/\/linitiative.ca\/International\/wp-json\/wp\/v2\/media?parent=30037"}],"wp:term":[{"taxonomy":"category","embeddable":true,"href":"https:\/\/linitiative.ca\/International\/wp-json\/wp\/v2\/categories?post=30037"},{"taxonomy":"post_tag","embeddable":true,"href":"https:\/\/linitiative.ca\/International\/wp-json\/wp\/v2\/tags?post=30037"}],"curies":[{"name":"wp","href":"https:\/\/api.w.org\/{rel}","templated":true}]}}