{"id":30053,"date":"2019-04-24T13:18:03","date_gmt":"2019-04-24T17:18:03","guid":{"rendered":"https:\/\/linitiative.ca\/International\/energie-general-electric-annonce-une-solution-pour-interconnecter-les-pays-de-lafrique-de-louest\/"},"modified":"2019-04-24T13:18:03","modified_gmt":"2019-04-24T17:18:03","slug":"energie-general-electric-annonce-une-solution-pour-interconnecter-les-pays-de-lafrique-de-louest","status":"publish","type":"post","link":"https:\/\/linitiative.ca\/International\/energie-general-electric-annonce-une-solution-pour-interconnecter-les-pays-de-lafrique-de-louest\/","title":{"rendered":"Energie: General Electric annonce une  solution  pour interconnecter  les pays de l\u2019Afrique de l\u2019Ouest"},"content":{"rendered":"<div readability=\"32\">\n<p>Publi\u00e9 le 24.04.2019 \u00e0 18h18 par APA News<\/p>\n<\/div>\n<div readability=\"77\">\n<p>Le g\u00e9ant am\u00e9ricain de l\u2019\u00e9nergie, General Electric, a annonc\u00e9 mercredi \u00e0 Bingerville (Banlieue Est d\u2019Abidjan), une \u00ab solution innovante\u00bb pour interconnecter les r\u00e9seaux \u00e9lectriques de tous les pays de l\u2019Afrique de l\u2019Ouest afin de combler le d\u00e9ficit d\u2019\u00e9nergie.\u00a0L\u2019annonce a \u00e9t\u00e9 faite par Eric Amoussouga, le directeur g\u00e9n\u00e9ral Afrique francophone de General Electric qui s\u2019exprimait en marge de la septi\u00e8me \u00e9dition des journ\u00e9es techniques de la Compagnie ivoirienne d\u2019\u00e9lectricit\u00e9 (CIE), une tribune d\u2019\u00e9changes o\u00f9 des op\u00e9rateurs du secteur de l\u2019\u00e9nergie pr\u00e9sentent des \u00ab solutions innovantes\u00bb pour am\u00e9liorer les performances du syst\u00e8me \u00e9lectrique du continent.<\/p>\n<p>\u00abNous avons un grand projet qui s\u2019appelle le West African Power-Pool \u00a0(WAP). \u00a0Avec cette solution, les pays de \u00a0la communaut\u00e9 \u00e9conomique des Etats de l\u2019Afrique de l\u2019ouest (CEDEAO) vont interconnecter leurs r\u00e9seaux pour permettre \u00e0 ceux qui ont un d\u00e9ficit, d\u2019utiliser l\u2019\u00e9nergie des pays voisins\u00bb, a-t-il expliqu\u00e9 \u00e0 APA.<\/p>\n<p>Ce projet sera bas\u00e9 au B\u00e9nin et s\u2019appelle le \u00a0+Dispatching WAP+ o\u00f9 des op\u00e9rateurs vont piloter l\u2019ensemble des \u00e9changes d\u2019\u00e9nergie de la sous-r\u00e9gion, a \u00a0poursuivi, M. Amoussouga, ajoutant qu\u2019il y a des lignes et des postes qui seront construits pour interconnecter les pays.<\/p>\n<p>\u00a0Selon lui, cette interconnexion va favoriser l\u2019\u00e9mergence \u00e9conomique de la sous-r\u00e9gion. \u00ab Nous fournissons cette solution innovante qui va permettre de dynamiser l\u2019\u00e9nergie dans la sous-r\u00e9gion\u00bb, a insist\u00e9 M. Amoussouga, rappelant que l\u2019un des objectifs de son entreprise est \u00ab d\u2019accompagner le d\u00e9veloppement de l\u2019\u00e9nergie en Afrique \u00bb.<\/p>\n<p><ins data-revive-zoneid=\"9\" data-revive-id=\"10111e19d28d19d031742ee3b0b33eb0\"\/> <\/p>\n<p>\u00ab Je souhaite que tout ce travail d\u2019experts contribue \u00e0 am\u00e9liorer la qualit\u00e9 de la fourniture de l\u2019\u00e9lectricit\u00e9 dans tous nos pays. Je suis convaincu que vous en avez les moyens et la volont\u00e9\u00bb, a dit, pour sa part dans une adresse, \u00a0Ahmadou Bakayoko, le Directeur g\u00e9n\u00e9ral de la CIE aux participants \u00e0 ce conclave.<\/p>\n<p>Une centaine d\u2019entreprises intervenant dans le secteur d\u2019\u00e9nergie sur le continent prend part \u00e0 ces assises qui ont pour th\u00e8me : \u00ab Performances du syst\u00e8me \u00e9lectrique au service du d\u00e9veloppement\u00bb. Pr\u00e8s de vingt pr\u00e9sentations et des expositions meubleront ces journ\u00e9es qui s\u2019ach\u00e8veront jeudi.<\/p>\n<\/div>\n<p>Auteur: APA News<br \/>\n<a href=\"https:\/\/www.journalducameroun.com\/fr\/energie-general-electric-annonce-une-solution-pour-interconnecter-les-pays-de-lafrique-de-louest\/\">Cliquez ici pour lire l&rsquo;article depuis sa source.<\/a><\/p>\n","protected":false},"excerpt":{"rendered":"<p>Publi\u00e9 le 24.04.2019 \u00e0 18h18 par APA News Le g\u00e9ant am\u00e9ricain de l\u2019\u00e9nergie, General Electric, a annonc\u00e9 mercredi \u00e0 Bingerville (Banlieue Est d\u2019Abidjan), une \u00ab solution innovante\u00bb pour interconnecter les r\u00e9seaux \u00e9lectriques de tous les pays de l\u2019Afrique de l\u2019Ouest afin de combler le d\u00e9ficit d\u2019\u00e9nergie.\u00a0L\u2019annonce a \u00e9t\u00e9 faite par Eric Amoussouga, le directeur g\u00e9n\u00e9ral [&hellip;]<\/p>\n","protected":false},"author":1965,"featured_media":0,"comment_status":"closed","ping_status":"closed","sticky":false,"template":"","format":"standard","meta":{"fifu_image_url":"","fifu_image_alt":"","footnotes":""},"categories":[73,82],"tags":[],"class_list":["post-30053","post","type-post","status-publish","format-standard","hentry","category-actualite","category-cameroun"],"_links":{"self":[{"href":"https:\/\/linitiative.ca\/International\/wp-json\/wp\/v2\/posts\/30053","targetHints":{"allow":["GET"]}}],"collection":[{"href":"https:\/\/linitiative.ca\/International\/wp-json\/wp\/v2\/posts"}],"about":[{"href":"https:\/\/linitiative.ca\/International\/wp-json\/wp\/v2\/types\/post"}],"author":[{"embeddable":true,"href":"https:\/\/linitiative.ca\/International\/wp-json\/wp\/v2\/users\/1965"}],"replies":[{"embeddable":true,"href":"https:\/\/linitiative.ca\/International\/wp-json\/wp\/v2\/comments?post=30053"}],"version-history":[{"count":0,"href":"https:\/\/linitiative.ca\/International\/wp-json\/wp\/v2\/posts\/30053\/revisions"}],"wp:attachment":[{"href":"https:\/\/linitiative.ca\/International\/wp-json\/wp\/v2\/media?parent=30053"}],"wp:term":[{"taxonomy":"category","embeddable":true,"href":"https:\/\/linitiative.ca\/International\/wp-json\/wp\/v2\/categories?post=30053"},{"taxonomy":"post_tag","embeddable":true,"href":"https:\/\/linitiative.ca\/International\/wp-json\/wp\/v2\/tags?post=30053"}],"curies":[{"name":"wp","href":"https:\/\/api.w.org\/{rel}","templated":true}]}}