{"id":30064,"date":"2019-04-24T12:38:27","date_gmt":"2019-04-24T16:38:27","guid":{"rendered":"https:\/\/linitiative.ca\/International\/tunisie-samir-majoul-salue-la-charte-de-partenariat-entre-les-secteurs-prive-et-public\/"},"modified":"2019-04-24T12:38:27","modified_gmt":"2019-04-24T16:38:27","slug":"tunisie-samir-majoul-salue-la-charte-de-partenariat-entre-les-secteurs-prive-et-public","status":"publish","type":"post","link":"https:\/\/linitiative.ca\/International\/tunisie-samir-majoul-salue-la-charte-de-partenariat-entre-les-secteurs-prive-et-public\/","title":{"rendered":"Tunisie: Samir Majoul salue la charte de partenariat entre les secteurs priv\u00e9 et public"},"content":{"rendered":"<div class=\"post-cont-in left relative\">\n<div class=\"nc_socialPanel swp_flatFresh swp_d_fullColor swp_i_fullColor swp_o_fullColor scale-100 scale-fullWidth\" data-position=\"none\" data-float=\"floatNone\" data-count=\"5\" data-floatcolor=\"#ffffff\" data-emphasize=\"0\">\n<div class=\"nc_tweetContainer totes totesalt\" data-id=\"6\"><span class=\"swp_count\"><span class=\"swp_label\">Partages<\/span> 0<\/span><\/div>\n<\/div>\n<p>Le pr\u00e9sident de l\u2019UTICA, Samir Majoul a salu\u00e9 la charte de partenariat de la promotion du syst\u00e8me laitier pour la p\u00e9riode 2019\/2025.<\/p>\n<p>Le chef du gouvernement, Youssef Chahed a annonc\u00e9 l\u2019augmentation du prix du lait demi-\u00e9cr\u00e9m\u00e9 de 100 millimes par litre au niveau de la production sans porter pr\u00e9judice au prix de vente aux citoyens.<\/p>\n<div class=\"code-block code-block-1 c3\"><ins class=\"adsbygoogle c2\" data-ad-layout=\"in-article\" data-ad-format=\"fluid\" data-ad-client=\"ca-pub-2102118777505746\" data-ad-slot=\"7301775417\"\/> <\/div>\n<p>Majoul a expliqu\u00e9 que l\u2019accord porte sur les probl\u00e8mes identifi\u00e9s par le secteur et vise \u00e0 les r\u00e9duire le plus possible.<\/p>\n<p>\u201cLa Tunisie dans les ann\u00e9es 1950 importait du lait en poudre et\u00a0elle produit et satisfait maintenant les besoins du pays en lait frais\u201d, a d\u00e9clar\u00e9 Samir Majoul.<\/p>\n<p>\u201cC\u2019est en soi un acquis\u2026 d\u2019un secteur qui importait \u00e0 un secteur qui\u00a0assure l\u2019autosuffisance et exporte\u201d, a d\u00e9clar\u00e9 Samir Majoul.<\/p>\n<p>Pour sa part, Abdelmajid Zar, pr\u00e9sident de l\u2019Union tunisienne de l\u2019agriculture et de la p\u00eache (UTAP), a d\u00e9clar\u00e9 qu\u2019il y avait trois autres chartes dans la discussion avec le gouvernement qui concernent les secteurs de la volaille,\u00a0de la p\u00eache et des c\u00e9r\u00e9ales.<\/p>\n<p>Zar a soulign\u00e9 que l\u2019accord conclu aujourd\u2019hui dans le secteur des produits laitiers ne peut pas \u00eatre consid\u00e9r\u00e9 comme satisfaisant dans l\u2019espoir de l\u2019application de l\u2019ajustement du prix r\u00e9guli\u00e8rement.<\/p>\n<p>Il convient de noter que le syst\u00e8me laitier, selon les donn\u00e9es statistiques fournies par le minist\u00e8re de l\u2019Agriculture, repr\u00e9sente 11% de la valeur de la production agricole, 25% de la valeur de la production animale et 7% de la valeur des produits agricoles.<\/p>\n<p>La fili\u00e8re laiti\u00e8re compte 112.000 \u00e9leveurs et un r\u00e9seau national de collecte de lait compos\u00e9 de 236 centres actifs, d\u2019une capacit\u00e9 de collecte de 2,8 millions de litres par jour et un tissu industriel de 45 entreprises, tandis que la capacit\u00e9 de conversion totale de toutes les unit\u00e9s est estim\u00e9e \u00e0 5,4 millions de litres par jour.<\/p>\n<div class=\"mvp-org-wrap mvp-org-logo\" itemprop=\"publisher\" itemscope=\"\" itemtype=\"https:\/\/schema.org\/Organization\"><img decoding=\"async\" src=\"https:\/\/www.tunisienumerique.com\/wp-content\/uploads\/2017\/02\/logo_tunisie_numerique.png\"\/><\/div>\n<div class=\"nc_socialPanel swp_flatFresh swp_d_fullColor swp_i_fullColor swp_o_fullColor scale-100 scale-fullWidth\" data-position=\"none\" data-float=\"floatNone\" data-count=\"5\" data-floatcolor=\"#ffffff\" data-emphasize=\"0\">\n<div class=\"nc_tweetContainer totes totesalt\" data-id=\"6\"><span class=\"swp_count\"><span class=\"swp_label\">Partages<\/span> 0<\/span><\/div>\n<\/div>\n<div class=\"mvp-related-posts left relative\">\n<h4 class=\"post-header\"><span class=\"post-header\">Lire aussi<\/span><\/h4>\n<\/div>\n<\/div>\n<p>Auteur: Mourad S<br \/>\n<a href=\"https:\/\/www.tunisienumerique.com\/tunisie-samir-majoul-salue-la-charte-de-partenariat-entre-les-secteurs-prive-et-public\/\">Cliquez ici pour lire l&rsquo;article depuis sa source.<\/a><\/p>\n","protected":false},"excerpt":{"rendered":"<p>Partages 0 Le pr\u00e9sident de l\u2019UTICA, Samir Majoul a salu\u00e9 la charte de partenariat de la promotion du syst\u00e8me laitier pour la p\u00e9riode 2019\/2025. Le chef du gouvernement, Youssef Chahed a annonc\u00e9 l\u2019augmentation du prix du lait demi-\u00e9cr\u00e9m\u00e9 de 100 millimes par litre au niveau de la production sans porter pr\u00e9judice au prix de vente [&hellip;]<\/p>\n","protected":false},"author":1789,"featured_media":30066,"comment_status":"closed","ping_status":"closed","sticky":false,"template":"","format":"standard","meta":{"fifu_image_url":"","fifu_image_alt":"","footnotes":""},"categories":[73,55],"tags":[],"class_list":["post-30064","post","type-post","status-publish","format-standard","has-post-thumbnail","hentry","category-actualite","category-tunisie"],"_links":{"self":[{"href":"https:\/\/linitiative.ca\/International\/wp-json\/wp\/v2\/posts\/30064","targetHints":{"allow":["GET"]}}],"collection":[{"href":"https:\/\/linitiative.ca\/International\/wp-json\/wp\/v2\/posts"}],"about":[{"href":"https:\/\/linitiative.ca\/International\/wp-json\/wp\/v2\/types\/post"}],"author":[{"embeddable":true,"href":"https:\/\/linitiative.ca\/International\/wp-json\/wp\/v2\/users\/1789"}],"replies":[{"embeddable":true,"href":"https:\/\/linitiative.ca\/International\/wp-json\/wp\/v2\/comments?post=30064"}],"version-history":[{"count":0,"href":"https:\/\/linitiative.ca\/International\/wp-json\/wp\/v2\/posts\/30064\/revisions"}],"wp:featuredmedia":[{"embeddable":true,"href":"https:\/\/linitiative.ca\/International\/wp-json\/"}],"wp:attachment":[{"href":"https:\/\/linitiative.ca\/International\/wp-json\/wp\/v2\/media?parent=30064"}],"wp:term":[{"taxonomy":"category","embeddable":true,"href":"https:\/\/linitiative.ca\/International\/wp-json\/wp\/v2\/categories?post=30064"},{"taxonomy":"post_tag","embeddable":true,"href":"https:\/\/linitiative.ca\/International\/wp-json\/wp\/v2\/tags?post=30064"}],"curies":[{"name":"wp","href":"https:\/\/api.w.org\/{rel}","templated":true}]}}