{"id":30074,"date":"2019-04-24T05:25:36","date_gmt":"2019-04-24T09:25:36","guid":{"rendered":"https:\/\/linitiative.ca\/International\/les-freres-kouninef-deferes-devant-le-juge\/"},"modified":"2019-04-24T05:25:36","modified_gmt":"2019-04-24T09:25:36","slug":"les-freres-kouninef-deferes-devant-le-juge","status":"publish","type":"post","link":"https:\/\/linitiative.ca\/International\/les-freres-kouninef-deferes-devant-le-juge\/","title":{"rendered":"Les fr\u00e8res Kouninef d\u00e9f\u00e9r\u00e9s devant le juge"},"content":{"rendered":"<h4 class=\"title-14\"\/>\n<p>Apr\u00e8s leur arrestation par les gendarmes dans la matin\u00e9e d\u2019hier, les trois fr\u00e8res Kouninef, R\u00e9da, Abdelkader-Karim, Noah-Tarek, ont pass\u00e9 la nuit \u00e0 la brigade de recherche de Bab J\u2019did, o\u00f9 ils ont \u00e9t\u00e9 entendus durant toute la journ\u00e9e, puis maintenus en garde \u00e0 vue \u00e0 la brigade de recherche de Bab J\u2019did, avant qu\u2019ils ne soient encore une fois auditionn\u00e9s sur plusieurs contrats qu\u2019ils ont obtenus aupr\u00e8s d\u2019organismes de l\u2019Etat, dans des secteurs diff\u00e9rents, et sur lesquels p\u00e8sent des soup\u00e7ons de \u00abnon-respect des engagements contractuels\u00bb, de \u00abtrafic d\u2019influence sur des fonctionnaires publics\u00bb, de \u00abcorruption et de d\u00e9tournement de foncier\u00bb, apprend-on de source bien inform\u00e9e.<\/p>\n<p>Durant la nuit de lundi \u00e0 mardi, les gendarmes ont proc\u00e9d\u00e9 \u00e0 des perquisitions \u00e0 leurs domiciles, situ\u00e9s \u00e0 Hydra, sur les hauteurs d\u2019Alger, en pr\u00e9sence d\u2019un dispositif de s\u00e9curit\u00e9 assez impressionnant.<\/p>\n<p>Au milieu de l\u2019apr\u00e8s-midi d\u2019hier, un fourgon de la gendarmerie, escort\u00e9 par d\u2019autres v\u00e9hicules, pointe dans la rue jouxtant le tribunal, o\u00f9 se trouvaient de nombreux journalistes et des curieux, puis s\u2019engouffre dans le sous-sol du parquet.<\/p>\n<p>Pendant des heures, le quartier n\u2019a pas d\u00e9sempli, alors que l\u2019audition des trois mis en cause \u2013 qui risquent la d\u00e9tention \u2013 s\u2019est poursuivie durant la soir\u00e9e. Au moment o\u00f9 nous mettons sous presse, la d\u00e9cision du tribunal n\u2019est toujours pas connue.<\/p>\n<p>Il faut dire que les patrons du groupe KouGC font partie de cette oligarchie pr\u00e9datrice, qui a la mainmise sur une grande partie de la commande publique, gr\u00e2ce \u00e0 ses relations privil\u00e9gi\u00e9es avec le pr\u00e9sident sortant, Abdelaziz Bouteflika, et particuli\u00e8rement son fr\u00e8re-conseiller Sa\u00efd. Au fil des ann\u00e9es, ils ont gagn\u00e9 en richesse mais surtout en puissance, pour avoir leur mot \u00e0 dire dans les centres d\u00e9cisionnels au plus haut sommet de l\u2019Etat.<\/p>\n<p>Cette proximit\u00e9 a fini par les emporter apr\u00e8s le d\u00e9part du Pr\u00e9sident. Aujourd\u2019hui, ils sont dans l\u2019\u0153il du cyclone. L\u2019enqu\u00eate actuellement en cours les fera certainement chuter de leur haut pi\u00e9destal, mais elle entra\u00eenera in\u00e9vitablement celles et ceux qui les ont promus \u00e0 ce rang de d\u00e9cideurs, \u00e0 commencer par le fr\u00e8re du Pr\u00e9sident sortant, Sa\u00efd Bouteflika.<\/p>\n<p>On s\u2019interroge alors si la justice ira jusqu\u2019au bout des investigations pour d\u00e9masquer ceux qui ont mis le pays entre les mains d\u2019oligarques pr\u00e9dateurs pour siphonner les fonds publics.<\/p>\n<div class=\"yuzo_related_post style-1\" data-version=\"5.12.88\">\n<p><h3>Related Post<\/h3>\n<\/p>\n<div class=\"yuzo_wraps\">\n<div class=\"relatedthumb relatedpost-561426 c11\"><a href=\"https:\/\/www.elwatan.com\/edition\/actualite\/jai-limpression-de-revivre-la-revolution-02-03-2019\"\/><\/p>\n<p><span class=\"yuzo__text--title c10\">\u00abJ\u2019ai l\u2019impression de revivre la R\u00e9volution\u00bb&#8230;<\/span><\/div>\n<div class=\"relatedthumb relatedpost-563025 c11\"><a href=\"https:\/\/www.elwatan.com\/edition\/contributions\/observatoire-pour-linsertion-socio-economique-de-nos-jeunes-un-mecanisme-avec-100-dinsertion-10-03-2019\"\/><\/p>\n<p><span class=\"yuzo__text--title c10\">Observatoire pour l\u2019insertion socio-\u00e9conomique de &#8230;<\/span><\/div>\n<div class=\"relatedthumb relatedpost-564711 c11\"><a href=\"https:\/\/www.elwatan.com\/edition\/actualite\/le-civisme-des-etudiants-19-03-2019\"\/><\/p>\n<p><span class=\"yuzo__text--title c10\">Le civisme des \u00e9tudiants<\/span><\/div>\n<div class=\"relatedthumb relatedpost-566906 c11\"><a href=\"https:\/\/www.elwatan.com\/edition\/actualite\/manifestations-contre-le-systeme-et-les-relations-algero-francaises-paris-a-t-il-acte-la-fin-prochaine-et-ineluctable-de-lere-bouteflika-31-03-2019\"\/><\/p>\n<p><span class=\"yuzo__text--title c10\">Manifestations contre le \u00absyst\u00e8me\u00bb et les relation&#8230;<\/span><\/div>\n<\/div>\n<\/div>\n<p><span class=\"post-views-label\">Post Views:<\/span> <span class=\"post-views-count\">1\u00a0668<\/span><\/p>\n<p>Auteur: Hicham Chouadria<br \/>\n<a href=\"https:\/\/www.elwatan.com\/edition\/actualite\/les-freres-kouninef-deferes-devant-le-juge-24-04-2019\">Cliquez ici pour lire l&rsquo;article depuis sa source.<\/a><\/p>\n","protected":false},"excerpt":{"rendered":"<p>Apr\u00e8s leur arrestation par les gendarmes dans la matin\u00e9e d\u2019hier, les trois fr\u00e8res Kouninef, R\u00e9da, Abdelkader-Karim, Noah-Tarek, ont pass\u00e9 la nuit \u00e0 la brigade de recherche de Bab J\u2019did, o\u00f9 ils ont \u00e9t\u00e9 entendus durant toute la journ\u00e9e, puis maintenus en garde \u00e0 vue \u00e0 la brigade de recherche de Bab J\u2019did, avant qu\u2019ils ne [&hellip;]<\/p>\n","protected":false},"author":1743,"featured_media":0,"comment_status":"closed","ping_status":"closed","sticky":false,"template":"","format":"standard","meta":{"fifu_image_url":"","fifu_image_alt":"","footnotes":""},"categories":[73,53],"tags":[],"class_list":["post-30074","post","type-post","status-publish","format-standard","hentry","category-actualite","category-algerie"],"_links":{"self":[{"href":"https:\/\/linitiative.ca\/International\/wp-json\/wp\/v2\/posts\/30074","targetHints":{"allow":["GET"]}}],"collection":[{"href":"https:\/\/linitiative.ca\/International\/wp-json\/wp\/v2\/posts"}],"about":[{"href":"https:\/\/linitiative.ca\/International\/wp-json\/wp\/v2\/types\/post"}],"author":[{"embeddable":true,"href":"https:\/\/linitiative.ca\/International\/wp-json\/wp\/v2\/users\/1743"}],"replies":[{"embeddable":true,"href":"https:\/\/linitiative.ca\/International\/wp-json\/wp\/v2\/comments?post=30074"}],"version-history":[{"count":0,"href":"https:\/\/linitiative.ca\/International\/wp-json\/wp\/v2\/posts\/30074\/revisions"}],"wp:attachment":[{"href":"https:\/\/linitiative.ca\/International\/wp-json\/wp\/v2\/media?parent=30074"}],"wp:term":[{"taxonomy":"category","embeddable":true,"href":"https:\/\/linitiative.ca\/International\/wp-json\/wp\/v2\/categories?post=30074"},{"taxonomy":"post_tag","embeddable":true,"href":"https:\/\/linitiative.ca\/International\/wp-json\/wp\/v2\/tags?post=30074"}],"curies":[{"name":"wp","href":"https:\/\/api.w.org\/{rel}","templated":true}]}}