{"id":30078,"date":"2019-04-24T05:30:44","date_gmt":"2019-04-24T09:30:44","guid":{"rendered":"https:\/\/linitiative.ca\/International\/transition-politique-gaid-salah-veut-fermer-le-jeu\/"},"modified":"2019-04-24T05:30:44","modified_gmt":"2019-04-24T09:30:44","slug":"transition-politique-gaid-salah-veut-fermer-le-jeu","status":"publish","type":"post","link":"https:\/\/linitiative.ca\/International\/transition-politique-gaid-salah-veut-fermer-le-jeu\/","title":{"rendered":"Transition politique : Ga\u00efd Salah veut fermer le jeu"},"content":{"rendered":"<h4 class=\"title-14\"\/>\n<div class=\"featured_image\"><img width=\"742\" height=\"693\" data-cfsrc=\"https:\/\/www.elwatan.com\/wp-content\/uploads\/2019\/04\/gaid-3-e1556062939914.jpg\" class=\"attachment-post-thumbnail size-post-thumbnail wp-post-image c1\" alt=\"\" srcset=\"https:\/\/www.elwatan.com\/wp-content\/uploads\/2019\/04\/gaid-3-e1556062939914.jpg 742w, https:\/\/www.elwatan.com\/wp-content\/uploads\/2019\/04\/gaid-3-e1556062939914-300x280.jpg 300w\" sizes=\"(max-width: 742px) 100vw, 742px\"\/><noscript><\/p>\n<p><img loading=\"lazy\" decoding=\"async\" width=\"742\" height=\"693\" src=\"https:\/\/www.elwatan.com\/wp-content\/uploads\/2019\/04\/gaid-3-e1556062939914.jpg\" class=\"attachment-post-thumbnail size-post-thumbnail wp-post-image\" alt=\"\" srcset=\"https:\/\/www.elwatan.com\/wp-content\/uploads\/2019\/04\/gaid-3-e1556062939914.jpg 742w, https:\/\/www.elwatan.com\/wp-content\/uploads\/2019\/04\/gaid-3-e1556062939914-300x280.jpg 300w\" sizes=\"auto, (max-width: 742px) 100vw, 742px\"\/><\/p>\n<p><\/noscript> <span class=\"featured-image-caption\">(Photo : MDN)<\/span><\/div>\n<p>Depuis une caserne \u00e0 Blida, Ahmed Ga\u00efd Salah dicte sa feuille de route aux Alg\u00e9riens. Balayant d\u2019un revers de la main toutes les revendications du peuple depuis 9 vendredis de suite, le chef d\u2019\u00e9tat-major refuse d\u2019entendre parler d\u2019autres issues, d\u2019autres voies ou d\u2019autres solutions \u00e0 la crise que la \u00absienne\u00bb, qui se limite \u00e0 l\u2019organisation d\u2019une \u00e9lection pr\u00e9sidentielle dans les plus brefs d\u00e9lais, dans les m\u00eames conditions que les pr\u00e9c\u00e9dentes.<\/p>\n<p>Il rejette ainsi la transition sous toutes ses formes, appuie le chef d\u2019Etat, Abdelkader Bensalah, et le gouvernement Bedoui et ignore les aspirations du peuple \u00e0 un changement radical qui conduirait \u00e0 une nouvelle R\u00e9publique.<\/p>\n<p>\u00abL\u2019Arm\u00e9e nationale populaire continuera \u00e0 l\u2019accompagner avec la m\u00eame d\u00e9termination et r\u00e9solution, suivant une strat\u00e9gie bien \u00e9tudi\u00e9e, jusqu\u2019\u00e0 la concr\u00e9tisation de ses attentes l\u00e9gitimes, qui commencent, Dieu merci, \u00e0 porter leurs fruit progressivement, jusqu\u2019\u00e0 ce qu\u2019elles soient totalement concr\u00e9tis\u00e9es, selon les \u00e9tapes pr\u00e9conis\u00e9es par l\u2019Arm\u00e9e nationale populaire\u00bb, a d\u00e9clar\u00e9 le vice-ministre de la D\u00e9fense dans son discours prononc\u00e9 hier \u00e0 la 1re R\u00e9gion militaire.<\/p>\n<p><strong>\u00c9lection ou anarchie\u00a0!<\/strong><\/p>\n<p>Ahmed Ga\u00efd Salah s\u2019attaque frontalement \u00e0 la classe politique qui a massivement boycott\u00e9 la conf\u00e9rence de Bensalah, en usant du qualificatif r\u00e9ducteur : \u00abcertaines\u00a0voix\u00bb.<\/p>\n<p>\u00abNous avons constat\u00e9 l\u2019apparition de certaines voix qui ne veulent aucun bien \u00e0 l\u2019Alg\u00e9rie, appelant \u00e0 l\u2019ent\u00eatement et l\u2019acharnement \u00e0 maintenir les m\u00eames positions pr\u00e9\u00e9tablies, sans tenir compte de tout ce qui a \u00e9t\u00e9 r\u00e9alis\u00e9, le rejet de toutes les initiatives et le boycott de toutes les d\u00e9marches, y compris l\u2019initiative de dialogue qui est cens\u00e9e \u00eatre un des m\u00e9canismes civilis\u00e9s qu\u2019il y a lieu de valoriser, notamment dans ces circonstances particuli\u00e8res que vit notre pays\u00bb, a-t-il dit, en \u00e9voquant cette conf\u00e9rence boycott\u00e9e non seulement par l\u2019opposition mais aussi par des partis de l\u2019alliance pr\u00e9sidentielle, \u00e0 l\u2019instar du MPA de Amara Benyoun\u00e8s et de TAJ de Amar Ghoul.<\/p>\n<p>Apr\u00e8s avoir affirm\u00e9 que toutes les perspectives possibles restaient ouvertes, le chef d\u2019\u00e9tat-major accuse tous ceux qui n\u2019adh\u00e8rent pas \u00e0 sa d\u00e9marche d\u2019\u00abobstin\u00e9s\u00bb qui \u00ab\u0153uvrent \u00e0 entra\u00eener le pays vers le pi\u00e8ge du vide constitutionnel et le faire entrer dans la spirale de la violence et de l\u2019anarchie\u00bb.<\/p>\n<p>\u00abA tous ceux-l\u00e0, nous dirons que le peuple alg\u00e9rien est souverain dans ses d\u00e9cisions\u00bb, a-t-il martel\u00e9, ajoutant que \u00abc\u2019est \u00e0 lui qu\u2019il appartient de trancher la question lors de l\u2019\u00e9lection du nouveau pr\u00e9sident de la R\u00e9publique, qui aura la l\u00e9gitimit\u00e9 requise pour satisfaire le reste des revendications populaires l\u00e9gitimes\u00bb.<\/p>\n<p>Ahmed Ga\u00efd Salah feint d\u2019ignorer ce que r\u00e9clame le peuple depuis le 22 f\u00e9vrier, \u00e0 savoir le d\u00e9part d\u2019abord et avant tout de tous les symboles du r\u00e9gime, avant d\u2019amorcer une transition apais\u00e9e. Mieux encore, il tente de jeter le discr\u00e9dit sur les figures \u00e9mergentes de ce mouvement populaire en agitant l\u2019\u00e9pouvantail de la manipulation et de la conspiration contre l\u2019Alg\u00e9rie.<\/p>\n<p><strong>La th\u00e8se du complot<\/strong><\/p>\n<p>\u00abCe \u00e0 quoi vous aspirez par votre \u00e9lan populaire, en termes de nobles objectifs, que nous saluons, requiert de nous tous de faire preuve de perspicacit\u00e9 et de sagesse afin de mettre en \u00e9chec toutes les conspirations qui se trament contre notre patrie\u00bb, a-t-il soulign\u00e9. Plus concr\u00e8tement, Ahmed Ga\u00efd Salah demande aux Alg\u00e9riens de cesser de se mobiliser, de r\u00e9clamer et d\u2019attendre l\u2019\u00e9lection pr\u00e9sidentielle pour voter.<\/p>\n<p>Appelant \u00e0 \u00abla\u00a0prudence\u00bb et \u00e0 \u00abla pr\u00e9caution\u00bb afin de pr\u00e9server le caract\u00e8re \u00abpacifique et civilis\u00e9\u00bb des marches, il affirme que l\u2019Alg\u00e9rie n\u2019a pas cess\u00e9 d\u2019\u00eatre \u00abla cible de complots abjects, pour la d\u00e9stabiliser et mettre en p\u00e9ril sa s\u00e9curit\u00e9, en raison de ses positions constantes et sa d\u00e9cision souveraine\u00a0refusant tout diktat\u00bb.<\/p>\n<p>Le chef d\u2019\u00e9tat-major insiste une nouvelle fois sur la conspiration contre l\u2019Alg\u00e9rie en assurant avoir pu \u00abrecueillir des informations av\u00e9r\u00e9es faisant \u00e9tat d\u2019un plan malveillant pour mener le pays \u00e0 l\u2019impasse, dont les pr\u00e9mices remontent \u00e0 2015, lorsque les trames et les vis\u00e9es du complot ont \u00e9t\u00e9 r\u00e9v\u00e9l\u00e9es\u00bb.<\/p>\n<p>Et il affirme qu\u2019il \u0153uvrait \u00absereinement et avec patience \u00e0 d\u00e9manteler les bombes \u00e0 retardement qu\u2019ont implant\u00e9es ces corrompus et corrupteurs dans les diff\u00e9rents secteurs et structures vitales de l\u2019Etat\u00bb. \u00abCes secteurs seront assainis gr\u00e2ce \u00e0 la conjugaison des efforts de toutes les personnes de bonne foi\u00bb, a-t-il soulign\u00e9.<\/p>\n<p>Le vice-ministre de la D\u00e9fense n\u2019\u00e9voque nullement l\u2019existence d\u2019un chef d\u2019Etat. Il s\u2019exprime sur tout. Il affirme m\u00eame avoir instruit la justice pour acc\u00e9l\u00e9rer le traitement des dossiers de corruption. \u00abJ\u2019ai appel\u00e9 l\u2019appareil de la justice, dans mes interventions pr\u00e9c\u00e9dentes, \u00e0 acc\u00e9l\u00e9rer la cadence des poursuites judiciaires concernant les affaires de corruption et de dilapidation des deniers publics et de juger tous ceux qui ont pill\u00e9 l\u2019argent du peuple\u00bb, a-t-il pr\u00e9cis\u00e9.<\/p>\n<p>Il dit \u00abvaloriser la r\u00e9ponse de la justice quant \u00e0 cet appel qui repr\u00e9sente un volet important des revendications l\u00e9gitimes des Alg\u00e9riens, ce qui permettra de rassurer le peuple que son argent pill\u00e9 sera r\u00e9cup\u00e9r\u00e9 par la force de la loi et avec la rigueur requise\u00a0\u00bb.<\/p>\n<p><strong>Avec Bedoui<\/strong><\/p>\n<p>En outre, le chef d\u2019\u00e9tat-major semble \u00abagac\u00e9\u00bb par le rejet par les populations des visites des officiels, notamment les ministres. Il met ainsi en garde \u00abcontre ce ph\u00e9nom\u00e8ne \u00e9trange qui consiste \u00e0 l\u2019incitation \u00e0 entraver l\u2019action des institutions de l\u2019Etat et \u00e0 emp\u00eacher les responsables d\u2019accomplir leurs missions\u00bb. Selon lui, il s\u2019agit de \u00abcomportements contraires aux lois de la R\u00e9publique\u00bb.<\/p>\n<p>Aussi, le chef d\u2019\u00e9tat-major avertit contre ce qu\u2019il qualifie de \u00abpi\u00e8ge\u00bb de la remise en cause de l\u2019\u00abint\u00e9grit\u00e9 et le d\u00e9vouement des cadres de l\u2019Etat, qui comptent parmi eux beaucoup de gens honn\u00eates, int\u00e8gres et loyaux, qui veillent \u00e0 garantir la continuit\u00e9 des institutions de l\u2019Etat et assurer le bon fonctionnement des affaires publiques au service de la nation et des int\u00e9r\u00eats des citoyens\u00bb.<\/p>\n<p>Ainsi, le vice-ministre de la D\u00e9fense affirme indirectement le maintien du gouvernement Bedoui et menace contre toute entrave aux sorties de travail de ses membres.<\/p>\n<div class=\"yuzo_related_post style-1\" data-version=\"5.12.88\">\n<p><h3>Related Post<\/h3>\n<\/p>\n<div class=\"yuzo_wraps\">\n<div class=\"relatedthumb relatedpost-569536 c11\"><a href=\"https:\/\/www.elwatan.com\/edition\/actualite\/plusieurs-barrages-installes-aux-entrees-est-et-ouest-dalger-lacces-a-la-capitale-filtre-13-04-2019\"\/><\/p>\n<p><span class=\"yuzo__text--title c10\">Plusieurs barrages install\u00e9s aux entr\u00e9es Est et Ou&#8230;<\/span><\/div>\n<div class=\"relatedthumb relatedpost-337483 c11\"><a href=\"https:\/\/www.elwatan.com\/edition\/sports\/coupe-dalgerie-des-arbitres-entre-seminaire-et-matchs-17-12-2018\"\/><\/p>\n<p><span class=\"yuzo__text--title c10\">Coupe d\u2019Alg\u00e9rie : Des arbitres entre \u00abs\u00e9minaire\u00bb e&#8230;<\/span><\/div>\n<div class=\"relatedthumb relatedpost-553091 c11\"><a href=\"https:\/\/www.elwatan.com\/a-la-une\/monoxyde-de-carbone-alerte-dans-les-foyers-14-01-2019\"\/><\/p>\n<p><span class=\"yuzo__text--title c10\">Monoxyde de carbone : Alerte dans les foyers<\/span><\/div>\n<div class=\"relatedthumb relatedpost-383056 c11\"><a href=\"https:\/\/www.elwatan.com\/edition\/actualite\/penurie-de-carburants-a-louest-les-pompistes-menacent-13-01-2012\"\/><\/p>\n<p><span class=\"yuzo__text--title c10\">P\u00e9nurie de carburants \u00e0 l\u2019Ouest : Les pompistes me&#8230;<\/span><\/div>\n<\/div>\n<\/div>\n<p><span class=\"post-views-label\">Post Views:<\/span> <span class=\"post-views-count\">6\u00a0496<\/span><\/p>\n<p>Auteur: Hicham Chouadria<br \/>\n<a href=\"https:\/\/www.elwatan.com\/a-la-une\/transition-politique-gaid-salah-veut-fermer-le-jeu-24-04-2019\">Cliquez ici pour lire l&rsquo;article depuis sa source.<\/a><\/p>\n","protected":false},"excerpt":{"rendered":"<p>(Photo : MDN) Depuis une caserne \u00e0 Blida, Ahmed Ga\u00efd Salah dicte sa feuille de route aux Alg\u00e9riens. Balayant d\u2019un revers de la main toutes les revendications du peuple depuis 9 vendredis de suite, le chef d\u2019\u00e9tat-major refuse d\u2019entendre parler d\u2019autres issues, d\u2019autres voies ou d\u2019autres solutions \u00e0 la crise que la \u00absienne\u00bb, qui se [&hellip;]<\/p>\n","protected":false},"author":1743,"featured_media":30079,"comment_status":"closed","ping_status":"closed","sticky":false,"template":"","format":"standard","meta":{"fifu_image_url":"","fifu_image_alt":"","footnotes":""},"categories":[73,53],"tags":[],"class_list":["post-30078","post","type-post","status-publish","format-standard","has-post-thumbnail","hentry","category-actualite","category-algerie"],"_links":{"self":[{"href":"https:\/\/linitiative.ca\/International\/wp-json\/wp\/v2\/posts\/30078","targetHints":{"allow":["GET"]}}],"collection":[{"href":"https:\/\/linitiative.ca\/International\/wp-json\/wp\/v2\/posts"}],"about":[{"href":"https:\/\/linitiative.ca\/International\/wp-json\/wp\/v2\/types\/post"}],"author":[{"embeddable":true,"href":"https:\/\/linitiative.ca\/International\/wp-json\/wp\/v2\/users\/1743"}],"replies":[{"embeddable":true,"href":"https:\/\/linitiative.ca\/International\/wp-json\/wp\/v2\/comments?post=30078"}],"version-history":[{"count":0,"href":"https:\/\/linitiative.ca\/International\/wp-json\/wp\/v2\/posts\/30078\/revisions"}],"wp:featuredmedia":[{"embeddable":true,"href":"https:\/\/linitiative.ca\/International\/wp-json\/"}],"wp:attachment":[{"href":"https:\/\/linitiative.ca\/International\/wp-json\/wp\/v2\/media?parent=30078"}],"wp:term":[{"taxonomy":"category","embeddable":true,"href":"https:\/\/linitiative.ca\/International\/wp-json\/wp\/v2\/categories?post=30078"},{"taxonomy":"post_tag","embeddable":true,"href":"https:\/\/linitiative.ca\/International\/wp-json\/wp\/v2\/tags?post=30078"}],"curies":[{"name":"wp","href":"https:\/\/api.w.org\/{rel}","templated":true}]}}