{"id":30093,"date":"2019-04-24T16:23:39","date_gmt":"2019-04-24T20:23:39","guid":{"rendered":"https:\/\/linitiative.ca\/International\/le-forum-marocain-du-commerce-a-demarre-sur-fond-de-tension\/"},"modified":"2019-04-24T16:23:39","modified_gmt":"2019-04-24T20:23:39","slug":"le-forum-marocain-du-commerce-a-demarre-sur-fond-de-tension","status":"publish","type":"post","link":"https:\/\/linitiative.ca\/International\/le-forum-marocain-du-commerce-a-demarre-sur-fond-de-tension\/","title":{"rendered":"Le Forum Marocain du Commerce a d\u00e9marr\u00e9 sur fond de tension"},"content":{"rendered":"<p>C\u2019est dans un climat tendu qu\u2019a d\u00e9but\u00e9 la premi\u00e8re s\u00e9ance du Forum Marocain du Commerce. Il a suffi \u00e0 Omar Moro, pr\u00e9sident du Syndicat des Chambres de commerce, d\u2019industrie et des services du Maroc, de d\u00e9clarer que l\u2019interlocuteur unique et officiel des commer\u00e7ants est le syndicat qu\u2019il pr\u00e9side pour que les participants r\u00e9agissent \u00e0 haute voix pour contester la l\u00e9gitimit\u00e9 de ces Chambres qui semblent pour la plupart conna\u00eetre un d\u00e9ficit de gouvernance.<\/p>\n<div class=\"c10\"\/>\n<p>Les \u00e9changes verbaux violents ont dur\u00e9 plus d\u2019une demi heure, malgr\u00e9 l\u2019intervention du ministre Moulay Hafid Elalamy pour calmer la situation. Le d\u00e9but de ce forum a surtout \u00e9t\u00e9 caract\u00e9ris\u00e9 par des d\u00e9faillances sur le plan organisationnel, mais surtout une faible maturit\u00e9.<\/p>\n<p>La suite des d\u00e9bats conna\u00eetra malheureusement un tournant o\u00f9 les intentions \u00e9lectoralistes des uns et des autres ont \u00e9t\u00e9 difficiles \u00e0 cacher.\u00a0\u00bb<\/p>\n<div class=\"c17\">\n<fieldset class=\"c16\">\n<legend><strong><span class=\"c11\">Challenge<\/span><span class=\"c12\">news<\/span><\/strong><\/legend>\n<div class=\"c15\">Le meilleur de la r\u00e9daction s\u00e9lectionn\u00e9 par Challenge :<\/p>\n<\/div>\n<\/fieldset>\n<\/div>\n<p>Auteur: Amine Amrani<br \/>\n<a href=\"https:\/\/www.challenge.ma\/le-forum-marocain-du-commerce-a-demarre-sur-fond-de-tension-108231\/\">Cliquez ici pour lire l&rsquo;article depuis sa source.<\/a><\/p>\n","protected":false},"excerpt":{"rendered":"<p>C\u2019est dans un climat tendu qu\u2019a d\u00e9but\u00e9 la premi\u00e8re s\u00e9ance du Forum Marocain du Commerce. Il a suffi \u00e0 Omar Moro, pr\u00e9sident du Syndicat des Chambres de commerce, d\u2019industrie et des services du Maroc, de d\u00e9clarer que l\u2019interlocuteur unique et officiel des commer\u00e7ants est le syndicat qu\u2019il pr\u00e9side pour que les participants r\u00e9agissent \u00e0 haute [&hellip;]<\/p>\n","protected":false},"author":1787,"featured_media":0,"comment_status":"closed","ping_status":"closed","sticky":false,"template":"","format":"standard","meta":{"fifu_image_url":"","fifu_image_alt":"","footnotes":""},"categories":[78,54],"tags":[],"class_list":["post-30093","post","type-post","status-publish","format-standard","hentry","category-economie","category-maroc"],"_links":{"self":[{"href":"https:\/\/linitiative.ca\/International\/wp-json\/wp\/v2\/posts\/30093","targetHints":{"allow":["GET"]}}],"collection":[{"href":"https:\/\/linitiative.ca\/International\/wp-json\/wp\/v2\/posts"}],"about":[{"href":"https:\/\/linitiative.ca\/International\/wp-json\/wp\/v2\/types\/post"}],"author":[{"embeddable":true,"href":"https:\/\/linitiative.ca\/International\/wp-json\/wp\/v2\/users\/1787"}],"replies":[{"embeddable":true,"href":"https:\/\/linitiative.ca\/International\/wp-json\/wp\/v2\/comments?post=30093"}],"version-history":[{"count":0,"href":"https:\/\/linitiative.ca\/International\/wp-json\/wp\/v2\/posts\/30093\/revisions"}],"wp:attachment":[{"href":"https:\/\/linitiative.ca\/International\/wp-json\/wp\/v2\/media?parent=30093"}],"wp:term":[{"taxonomy":"category","embeddable":true,"href":"https:\/\/linitiative.ca\/International\/wp-json\/wp\/v2\/categories?post=30093"},{"taxonomy":"post_tag","embeddable":true,"href":"https:\/\/linitiative.ca\/International\/wp-json\/wp\/v2\/tags?post=30093"}],"curies":[{"name":"wp","href":"https:\/\/api.w.org\/{rel}","templated":true}]}}