{"id":30100,"date":"2019-04-24T16:58:29","date_gmt":"2019-04-24T20:58:29","guid":{"rendered":"https:\/\/linitiative.ca\/International\/tunisie-urgent-annulation-de-la-greve-de-la-tunisair\/"},"modified":"2019-04-24T16:58:29","modified_gmt":"2019-04-24T20:58:29","slug":"tunisie-urgent-annulation-de-la-greve-de-la-tunisair","status":"publish","type":"post","link":"https:\/\/linitiative.ca\/International\/tunisie-urgent-annulation-de-la-greve-de-la-tunisair\/","title":{"rendered":"Tunisie \u2013 URGENT\u00a0: Annulation de la gr\u00e8ve de la Tunisair"},"content":{"rendered":"<div class=\"post-cont-in left relative\">\n<div class=\"nc_socialPanel swp_flatFresh swp_d_fullColor swp_i_fullColor swp_o_fullColor scale-100 scale-fullWidth\" data-position=\"none\" data-float=\"floatNone\" data-count=\"5\" data-floatcolor=\"#ffffff\" data-emphasize=\"0\">\n<div class=\"nc_tweetContainer totes totesalt\" data-id=\"6\"><span class=\"swp_count\"><span class=\"swp_label\">Partages<\/span> 0<\/span><\/div>\n<\/div>\n<p>Une r\u00e9union de n\u00e9gociations, qualifi\u00e9e de derni\u00e8re chance, vient de s\u2019achever entre la partie syndicale du transporteur a\u00e9rien, Tunisair, et le minist\u00e8re des transports.<\/p>\n<p>TunisieNumerique\u00a0vient d\u2019apprendre, de source sure que cette derni\u00e8re r\u00e9union est arriv\u00e9e \u00e0 d\u00e9crisper la situation et \u00e0 obtenir une annulation in-extr\u00e9mis de la gr\u00e8ve g\u00e9n\u00e9rale qui devait d\u00e9marrer dans deux heures\u00a0!<\/p>\n<div class=\"code-block code-block-1 c3\"><ins class=\"adsbygoogle c2\" data-ad-layout=\"in-article\" data-ad-format=\"fluid\" data-ad-client=\"ca-pub-2102118777505746\" data-ad-slot=\"7301775417\"\/> <\/div>\n<p>Un bon point au compte du ministre Hichem Ben Ahmed qui est en train de tout faire pour rep\u00eacher la compagnie et, surtout, garantir sa participation \u00e0 la r\u00e9ussite de la saison touristique.<\/p>\n<div class=\"mvp-org-wrap mvp-org-logo\" itemprop=\"publisher\" itemscope=\"\" itemtype=\"https:\/\/schema.org\/Organization\"><img decoding=\"async\" src=\"https:\/\/www.tunisienumerique.com\/wp-content\/uploads\/2017\/02\/logo_tunisie_numerique.png\"\/><\/div>\n<div class=\"nc_socialPanel swp_flatFresh swp_d_fullColor swp_i_fullColor swp_o_fullColor scale-100 scale-fullWidth\" data-position=\"none\" data-float=\"floatNone\" data-count=\"5\" data-floatcolor=\"#ffffff\" data-emphasize=\"0\">\n<div class=\"nc_tweetContainer totes totesalt\" data-id=\"6\"><span class=\"swp_count\"><span class=\"swp_label\">Partages<\/span> 0<\/span><\/div>\n<\/div>\n<div class=\"mvp-related-posts left relative\">\n<h4 class=\"post-header\"><span class=\"post-header\">Lire aussi<\/span><\/h4>\n<\/div>\n<\/div>\n<p>Auteur: LM<br \/>\n<a href=\"https:\/\/www.tunisienumerique.com\/tunisie-urgent-annulation-de-la-greve-de-la-tunisair\/\">Cliquez ici pour lire l&rsquo;article depuis sa source.<\/a><\/p>\n","protected":false},"excerpt":{"rendered":"<p>Partages 0 Une r\u00e9union de n\u00e9gociations, qualifi\u00e9e de derni\u00e8re chance, vient de s\u2019achever entre la partie syndicale du transporteur a\u00e9rien, Tunisair, et le minist\u00e8re des transports. TunisieNumerique\u00a0vient d\u2019apprendre, de source sure que cette derni\u00e8re r\u00e9union est arriv\u00e9e \u00e0 d\u00e9crisper la situation et \u00e0 obtenir une annulation in-extr\u00e9mis de la gr\u00e8ve g\u00e9n\u00e9rale qui devait d\u00e9marrer dans [&hellip;]<\/p>\n","protected":false},"author":1789,"featured_media":30101,"comment_status":"closed","ping_status":"closed","sticky":false,"template":"","format":"standard","meta":{"fifu_image_url":"","fifu_image_alt":"","footnotes":""},"categories":[73,55],"tags":[],"class_list":["post-30100","post","type-post","status-publish","format-standard","has-post-thumbnail","hentry","category-actualite","category-tunisie"],"_links":{"self":[{"href":"https:\/\/linitiative.ca\/International\/wp-json\/wp\/v2\/posts\/30100","targetHints":{"allow":["GET"]}}],"collection":[{"href":"https:\/\/linitiative.ca\/International\/wp-json\/wp\/v2\/posts"}],"about":[{"href":"https:\/\/linitiative.ca\/International\/wp-json\/wp\/v2\/types\/post"}],"author":[{"embeddable":true,"href":"https:\/\/linitiative.ca\/International\/wp-json\/wp\/v2\/users\/1789"}],"replies":[{"embeddable":true,"href":"https:\/\/linitiative.ca\/International\/wp-json\/wp\/v2\/comments?post=30100"}],"version-history":[{"count":0,"href":"https:\/\/linitiative.ca\/International\/wp-json\/wp\/v2\/posts\/30100\/revisions"}],"wp:featuredmedia":[{"embeddable":true,"href":"https:\/\/linitiative.ca\/International\/wp-json\/"}],"wp:attachment":[{"href":"https:\/\/linitiative.ca\/International\/wp-json\/wp\/v2\/media?parent=30100"}],"wp:term":[{"taxonomy":"category","embeddable":true,"href":"https:\/\/linitiative.ca\/International\/wp-json\/wp\/v2\/categories?post=30100"},{"taxonomy":"post_tag","embeddable":true,"href":"https:\/\/linitiative.ca\/International\/wp-json\/wp\/v2\/tags?post=30100"}],"curies":[{"name":"wp","href":"https:\/\/api.w.org\/{rel}","templated":true}]}}