{"id":30104,"date":"2019-04-24T16:50:05","date_gmt":"2019-04-24T20:50:05","guid":{"rendered":"https:\/\/linitiative.ca\/International\/abassi-madani-chef-de-file-charismatique-de-lislam-politique-en-algerie\/"},"modified":"2019-04-24T16:50:05","modified_gmt":"2019-04-24T20:50:05","slug":"abassi-madani-chef-de-file-charismatique-de-lislam-politique-en-algerie","status":"publish","type":"post","link":"https:\/\/linitiative.ca\/International\/abassi-madani-chef-de-file-charismatique-de-lislam-politique-en-algerie\/","title":{"rendered":"Abassi Madani, chef de file charismatique de l\u2019islam politique en Alg\u00e9rie"},"content":{"rendered":"<div readability=\"32\">\n<p>Publi\u00e9 le 24.04.2019 \u00e0 21h50 par AFP<\/p>\n<\/div>\n<div readability=\"142\">\n<p>Trapu, le regard plein de malice, Abassi Madani a souvent jou\u00e9 de la banalit\u00e9 de son physique pour devenir un chef charismatique de l\u2019islam politique en Alg\u00e9rie mais son nom restera attach\u00e9 \u00e0 la guerre civile qui a ensanglant\u00e9 le pays.<\/p>\n<p>Madani est d\u00e9c\u00e9d\u00e9 mercredi \u00e0 88 ans dans un h\u00f4pital de Doha. Il avait quitt\u00e9 l\u2019Alg\u00e9rie en 2003 apr\u00e8s avoir \u00e9t\u00e9 lib\u00e9r\u00e9 de prison o\u00f9 il avait purg\u00e9 une peine de 12 ans pour atteinte \u00e0 la s\u00fbret\u00e9 de l\u2019Etat. Il avait \u00e9t\u00e9 aussi interdit de toute activit\u00e9 politique.<\/p>\n<p>N\u00e9 en 1931 \u00e0 Sidi Okba, une palmeraie de l\u2019Est alg\u00e9rien, M. Madani suit les enseignements d\u2019une \u00e9cole coranique. En novembre 1954, il participe au d\u00e9clenchement de la guerre d\u2019ind\u00e9pendance contre le pouvoir colonial fran\u00e7ais, mais rapidement arr\u00eat\u00e9 apr\u00e8s une tentative d\u2019attentat contre la radio d\u2019Alger, il passera les sept ans du conflit en prison.<\/p>\n<p>Licenci\u00e9 en philosophie, il d\u00e9croche en Grande-Bretagne, gr\u00e2ce \u00e0 une bourse, un doctorat en P\u00e9dagogie et Sciences de l\u2019\u00e9ducation. Professeur de psycho-p\u00e9dagogie \u00e0 l\u2019universit\u00e9 d\u2019Alger, Abassi Madani milite t\u00f4t \u2013 dans une Alg\u00e9rie r\u00e9gie par le parti unique \u2013 pour un islam politique, dont il devient un chef de file et qui lui vaut un s\u00e9jour d\u2019un an en prison en 1982.<\/p>\n<p>\u2013 Pr\u00e9dicateur infatigable \u2013<\/p>\n<p>Apr\u00e8s avoir transform\u00e9 les mosqu\u00e9es en tribunes politiques, Madani et quelques autres font sortir l\u2019islam politique de la clandestinit\u00e9 \u00e0 la faveur des r\u00e9formes \u2013 dont le multipartisme \u2013 lanc\u00e9es apr\u00e8s les \u00e9meutes d\u2019octobre 1988, en cr\u00e9ant en 1989 le Front islamique du Salut (FIS): objectif du parti l\u2019instauration d\u2019un Etat th\u00e9ocratique en Alg\u00e9rie, le premier Etat islamique du Maghreb.<\/p>\n<p>Madani en prend la t\u00eate, assist\u00e9 d\u2019un jeune bras droit Ali Belhadj de 25 ans son cadet. Pr\u00e9dicateur infatigable, courant d\u2019une mosqu\u00e9e \u00e0 l\u2019autre, Madani est devenu le chef incontest\u00e9, adul\u00e9 par des milliers de fid\u00e8les, de l\u2019islam politique en Alg\u00e9rie.<\/p>\n<p>D\u00e9crit comme un politicien rus\u00e9, l\u2019homme, barbe rousse taill\u00e9e en collier, est un orateur m\u00e9diocre \u2013 mais persuasif \u2013 au d\u00e9bit lent et \u00e0 l\u2019accent nasillard, qui pr\u00e9f\u00e8re laisser \u00e0 Ali Belhadj le soin d\u2019haranguer les foules par ses pr\u00eaches incendiaires.<\/p>\n<p>Il joue du contraste avec le caract\u00e8re exalt\u00e9 de ce dernier pour appara\u00eetre comme un mod\u00e9r\u00e9.<\/p>\n<p>Mais certaines formules qui l\u2019ont rendu c\u00e9l\u00e8bre, telle que \u00ab\u00a0L\u2019islam n\u2019est pas un self-service, c\u2019est un tout\u00a0\u00bb, font dire \u00e0 ses d\u00e9tracteurs que ses engagements de respecter la d\u00e9mocratie et le pluralisme si le FIS conqu\u00e9rait le pouvoir, sont de \u00ab\u00a0pure tactique\u00a0\u00bb.<\/p>\n<p><ins data-revive-zoneid=\"9\" data-revive-id=\"10111e19d28d19d031742ee3b0b33eb0\"\/> <\/p>\n<p>Apr\u00e8s la large victoire, en juin 1990, du FIS aux \u00e9lections locales \u2013 premier scrutin pluraliste de l\u2019histoire de l\u2019Alg\u00e9rie \u2013 Madani se comporte en successeur virtuel du pr\u00e9sident Chadli Bendjedid, en fin de mandat. Et pr\u00e9sente son parti comme le \u00ab\u00a0d\u00e9positaire de la l\u00e9gitimit\u00e9 populaire\u00a0\u00bb contre l\u2019ex-parti unique, le Front de lib\u00e9ration nationale (FLN), us\u00e9 par 30 ans de pouvoir sans partage.<\/p>\n<p>Son appel \u00e0 une \u00ab\u00a0gr\u00e8ve g\u00e9n\u00e9rale illimit\u00e9e\u00a0\u00bb en mai-juin 1991 pour forcer le pr\u00e9sident Bendjedid a organiser des l\u00e9gislatives anticip\u00e9es tourne \u00e0 l\u2019\u00e9preuve de force et d\u00e9g\u00e9n\u00e8re en affrontements entre forces de l\u2019ordre et manifestants.<\/p>\n<p>\u2013 Parti dissous \u2013<\/p>\n<p>L\u2019arm\u00e9e d\u00e9cr\u00e8te l\u2019\u00e9tat de si\u00e8ge le 5 juin 1991 et le fait arr\u00eater avec Ali Belhadj.<\/p>\n<p>C\u2019est depuis sa cellule, que M. Madani assiste \u00e0 la fin de cette m\u00eame ann\u00e9e \u00e0 la victoire du FIS au 1er tour des l\u00e9gislatives qui annonce un raz-de-mar\u00e9e au second, \u00e0 l\u2019annulation du scrutin et la dissolution de son parti d\u00e9but 1992.<\/p>\n<p>Cette dissolution du FIS interrompt le processus d\u00e9mocratique et plonge le pays dans une d\u00e9cennie de guerre civile, groupes islamistes arm\u00e9s contre forces de s\u00e9curit\u00e9, mais dont les civils figureront en nombre parmi les 200.000 morts officiels du conflit, victimes notamment des attentats ou massacres attribu\u00e9s aux maquis islamistes.<\/p>\n<p>En 1999, Madani avait dit appuyer la d\u00e9cision de l\u2019Arm\u00e9e islamique du Salut (AIS), le bras arm\u00e9 du FIS, annon\u00e7ant d\u00e9poser les armes et il avait appel\u00e9 lui-m\u00eame \u00e0 la fin de la lutte arm\u00e9e \u00e0 sa lib\u00e9ration en 2003.<\/p>\n<p>L\u2019ancien pr\u00e9dicateur s\u2019\u00e9tait fait relativement discret dans son exil qatari. Derni\u00e8re malice d\u2019Abassi Madani, en 2004, l\u2019ancien chef islamiste avait annonc\u00e9 entamer une gr\u00e8ve de la faim \u00e0 Doha pour soutenir la lib\u00e9ration des deux otages en Irak, dont les deux journalistes fran\u00e7ais Christian Chesnot et Georges Malbrunot.<\/p>\n<\/div>\n<p>Auteur: AFP<br \/>\n<a href=\"https:\/\/www.journalducameroun.com\/fr\/abassi-madani-chef-de-file-charismatique-de-lislam-politique-en-algerie\/\">Cliquez ici pour lire l&rsquo;article depuis sa source.<\/a><\/p>\n","protected":false},"excerpt":{"rendered":"<p>Publi\u00e9 le 24.04.2019 \u00e0 21h50 par AFP Trapu, le regard plein de malice, Abassi Madani a souvent jou\u00e9 de la banalit\u00e9 de son physique pour devenir un chef charismatique de l\u2019islam politique en Alg\u00e9rie mais son nom restera attach\u00e9 \u00e0 la guerre civile qui a ensanglant\u00e9 le pays. Madani est d\u00e9c\u00e9d\u00e9 mercredi \u00e0 88 ans [&hellip;]<\/p>\n","protected":false},"author":1965,"featured_media":0,"comment_status":"closed","ping_status":"closed","sticky":false,"template":"","format":"standard","meta":{"fifu_image_url":"","fifu_image_alt":"","footnotes":""},"categories":[73,82],"tags":[],"class_list":["post-30104","post","type-post","status-publish","format-standard","hentry","category-actualite","category-cameroun"],"_links":{"self":[{"href":"https:\/\/linitiative.ca\/International\/wp-json\/wp\/v2\/posts\/30104","targetHints":{"allow":["GET"]}}],"collection":[{"href":"https:\/\/linitiative.ca\/International\/wp-json\/wp\/v2\/posts"}],"about":[{"href":"https:\/\/linitiative.ca\/International\/wp-json\/wp\/v2\/types\/post"}],"author":[{"embeddable":true,"href":"https:\/\/linitiative.ca\/International\/wp-json\/wp\/v2\/users\/1965"}],"replies":[{"embeddable":true,"href":"https:\/\/linitiative.ca\/International\/wp-json\/wp\/v2\/comments?post=30104"}],"version-history":[{"count":0,"href":"https:\/\/linitiative.ca\/International\/wp-json\/wp\/v2\/posts\/30104\/revisions"}],"wp:attachment":[{"href":"https:\/\/linitiative.ca\/International\/wp-json\/wp\/v2\/media?parent=30104"}],"wp:term":[{"taxonomy":"category","embeddable":true,"href":"https:\/\/linitiative.ca\/International\/wp-json\/wp\/v2\/categories?post=30104"},{"taxonomy":"post_tag","embeddable":true,"href":"https:\/\/linitiative.ca\/International\/wp-json\/wp\/v2\/tags?post=30104"}],"curies":[{"name":"wp","href":"https:\/\/api.w.org\/{rel}","templated":true}]}}