{"id":30106,"date":"2019-04-24T17:18:06","date_gmt":"2019-04-24T21:18:06","guid":{"rendered":"https:\/\/linitiative.ca\/International\/mathias-ngouan-nomme-pca-de-la-poste-de-cote-divoire-en-remplacement-de-denis-kah-zion\/"},"modified":"2019-04-24T17:18:06","modified_gmt":"2019-04-24T21:18:06","slug":"mathias-ngouan-nomme-pca-de-la-poste-de-cote-divoire-en-remplacement-de-denis-kah-zion","status":"publish","type":"post","link":"https:\/\/linitiative.ca\/International\/mathias-ngouan-nomme-pca-de-la-poste-de-cote-divoire-en-remplacement-de-denis-kah-zion\/","title":{"rendered":"Mathias N\u2019Gouan nomm\u00e9 PCA de la Poste de C\u00f4te d\u2019Ivoire en remplacement de D\u00e9nis Kah Zion"},"content":{"rendered":"<div readability=\"32\">\n<p>Publi\u00e9 le 24.04.2019 \u00e0 22h18 par APA News<\/p>\n<\/div>\n<div readability=\"87\">\n<p>L\u2019ex-maire de Cocody, commune hupp\u00e9e \u00e0 l\u2019Est d\u2019Abidjan, Mathias Aka N\u2019Gouan, a \u00e9t\u00e9 nomm\u00e9 comme repr\u00e9sentant du pr\u00e9sident de la R\u00e9publique au Conseil d\u2019administration de la Poste de C\u00f4te d\u2019Ivoire, en remplacement de D\u00e9nis Kah Zion.L\u2019information a \u00e9t\u00e9 donn\u00e9e mercredi par le porte-parole du \u00a0gouvernement ivoirien Sidi Tour\u00e9, \u00e0 l\u2019issue d\u2019un Conseil des ministres \u00a0qui s\u2019est tenu \u00e0 la Fondation F\u00e9lix Houphou\u00ebt-Boigny \u00e0 Yamoussoukro, la \u00a0capitale politique et administrative du pays.\u00a0<\/p>\n<p>M. Kah Zion qui \u00a0assurait la pr\u00e9sidence du Conseil d\u2019administration, est le patron du \u00a0journal Le Nouveau R\u00e9veil, organe de presse proche du Parti d\u00e9mocratique \u00a0de C\u00f4te d\u2019Ivoire (Pdci), ex-alli\u00e9 au pouvoir. Nomm\u00e9 Pr\u00e9sident du \u00a0Conseil depuis pr\u00e8s de six ans, son mandat devrait s\u2019achever en \u00a0juillet.\u00a0<\/p>\n<p>Outre cette nomination, le Conseil \u00a0des ministres a adopt\u00e9 la nomination de l\u2019ex-maire de Daloa (Centre-Ouest), \u00a0Samba Coulibaly en qualit\u00e9 de repr\u00e9sentant du pr\u00e9sident de la R\u00e9publique \u00a0au Conseil d\u2019administration du Bureau national d\u2019\u00e9tudes techniques et \u00a0de d\u00e9veloppement (BNETD).<\/p>\n<p>Il remplace M. R\u00e9mi \u00a0Allah Kouadio, un cadre du Pdci. Selon le porte-parole du gouvernement \u00a0ivoirien Sidi Tour\u00e9, ces nominations interviennent dans le cadre des \u00a0pr\u00e9rogatives du chef de l\u2019Etat, qui a sign\u00e9 le d\u00e9cret mettant fin \u00e0 ses \u00a0fonctions.<\/p>\n<p><ins data-revive-zoneid=\"9\" data-revive-id=\"10111e19d28d19d031742ee3b0b33eb0\"\/> <\/p>\n<p>Le Conseil a \u00e9galement approuv\u00e9 la \u00a0nomination de Chantal Nanaba Camara, magistrate hors hi\u00e9rarchie, \u00a0pr\u00e9c\u00e9demment conseiller \u00e0 la Chambre judiciaire de la Cour supr\u00eame, en \u00a0qualit\u00e9 de pr\u00e9sidente de la Cour de cassation.<\/p>\n<p>M. \u00a0Patrice Yao Kouadio, magistrat hors hi\u00e9rarchie, pr\u00e9c\u00e9demment conseiller \u00a0\u00e0 la Chambre judiciaire de la Cour supr\u00eame, a \u00e9t\u00e9 nomm\u00e9 pr\u00e9sident du \u00a0Conseil d\u2019Etat. Par ailleurs, le chef de l\u2019Etat a pris un d\u00e9cret nommant \u00a0Dramane Coulibaly directeur g\u00e9n\u00e9ral de la Loterie nationale de C\u00f4te \u00a0d\u2019Ivoire (Lonaci).<\/p>\n<p>Le directeur g\u00e9n\u00e9ral de \u00a0l\u2019Autorit\u00e9 de R\u00e9gulation des T\u00e9l\u00e9communications de C\u00f4te d\u2019Ivoire \u00a0(ARTCI), Bil\u00e9 Di\u00e9m\u00e9l\u00e9ou Amon Gabriel, lui, a \u00e9t\u00e9 reconduit dans ses \u00a0fonctions. Il est en poste depuis le 22 mai 2013.\u00a0<\/p>\n<\/div>\n<p>Auteur: APA News<br \/>\n<a href=\"https:\/\/www.journalducameroun.com\/fr\/mathias-ngouan-nomme-pca-de-la-poste-de-cote-divoire-en-remplacement-de-denis-kah-zion\/\">Cliquez ici pour lire l&rsquo;article depuis sa source.<\/a><\/p>\n","protected":false},"excerpt":{"rendered":"<p>Publi\u00e9 le 24.04.2019 \u00e0 22h18 par APA News L\u2019ex-maire de Cocody, commune hupp\u00e9e \u00e0 l\u2019Est d\u2019Abidjan, Mathias Aka N\u2019Gouan, a \u00e9t\u00e9 nomm\u00e9 comme repr\u00e9sentant du pr\u00e9sident de la R\u00e9publique au Conseil d\u2019administration de la Poste de C\u00f4te d\u2019Ivoire, en remplacement de D\u00e9nis Kah Zion.L\u2019information a \u00e9t\u00e9 donn\u00e9e mercredi par le porte-parole du \u00a0gouvernement ivoirien Sidi [&hellip;]<\/p>\n","protected":false},"author":1965,"featured_media":0,"comment_status":"closed","ping_status":"closed","sticky":false,"template":"","format":"standard","meta":{"fifu_image_url":"","fifu_image_alt":"","footnotes":""},"categories":[73,82],"tags":[],"class_list":["post-30106","post","type-post","status-publish","format-standard","hentry","category-actualite","category-cameroun"],"_links":{"self":[{"href":"https:\/\/linitiative.ca\/International\/wp-json\/wp\/v2\/posts\/30106","targetHints":{"allow":["GET"]}}],"collection":[{"href":"https:\/\/linitiative.ca\/International\/wp-json\/wp\/v2\/posts"}],"about":[{"href":"https:\/\/linitiative.ca\/International\/wp-json\/wp\/v2\/types\/post"}],"author":[{"embeddable":true,"href":"https:\/\/linitiative.ca\/International\/wp-json\/wp\/v2\/users\/1965"}],"replies":[{"embeddable":true,"href":"https:\/\/linitiative.ca\/International\/wp-json\/wp\/v2\/comments?post=30106"}],"version-history":[{"count":0,"href":"https:\/\/linitiative.ca\/International\/wp-json\/wp\/v2\/posts\/30106\/revisions"}],"wp:attachment":[{"href":"https:\/\/linitiative.ca\/International\/wp-json\/wp\/v2\/media?parent=30106"}],"wp:term":[{"taxonomy":"category","embeddable":true,"href":"https:\/\/linitiative.ca\/International\/wp-json\/wp\/v2\/categories?post=30106"},{"taxonomy":"post_tag","embeddable":true,"href":"https:\/\/linitiative.ca\/International\/wp-json\/wp\/v2\/tags?post=30106"}],"curies":[{"name":"wp","href":"https:\/\/api.w.org\/{rel}","templated":true}]}}