{"id":30107,"date":"2019-04-24T17:18:08","date_gmt":"2019-04-24T21:18:08","guid":{"rendered":"https:\/\/linitiative.ca\/International\/athletisme-21-records-africains-battus-aux-championnats-dafrique-u18-u20-a-abidjan\/"},"modified":"2019-04-24T17:18:08","modified_gmt":"2019-04-24T21:18:08","slug":"athletisme-21-records-africains-battus-aux-championnats-dafrique-u18-u20-a-abidjan","status":"publish","type":"post","link":"https:\/\/linitiative.ca\/International\/athletisme-21-records-africains-battus-aux-championnats-dafrique-u18-u20-a-abidjan\/","title":{"rendered":"Athl\u00e9tisme: 21 records africains battus aux championnats d\u2019Afrique U18-U20 \u00e0 Abidjan"},"content":{"rendered":"<div readability=\"32\">\n<p>Publi\u00e9 le 24.04.2019 \u00e0 22h18 par APA News<\/p>\n<\/div>\n<div readability=\"77\">\n<p>Les championnats d\u2019Afrique d\u2019athl\u00e9tisme des cadets et juniors ont pris fin, dimanche \u00e0 Abidjan, avec \u00ab 21 records africains battus \u00bb, a r\u00e9v\u00e9l\u00e9 Kalkaba Malboum, le Pr\u00e9sident de la Conf\u00e9d\u00e9ration Africaine d\u2019athl\u00e9tisme (CAA), au terme des comp\u00e9titions, se disant \u00ab satisfait \u00bb du niveau des jeunes athl\u00e8tes du continent.\u00ab C\u2019est un sentiment de grande satisfaction qui nous anime. Nous avons assist\u00e9 \u00e0 des d\u00e9bats de haut vol, lors de ces 5 jours au cours desquels des records africains, 21 au total, \u00a0qui dataient de 20 ans ont \u00e9t\u00e9 battus \u00bb, s\u2019est r\u00e9joui le pr\u00e9sident Kalkaba que ses pairs ont port\u00e9 \u00e0 la t\u00eate de la CAA pour un nouveau mandat de 4 ans.\u00a0<\/p>\n<p>Pour M. Kalkaba, les performances des jeunes athl\u00e8tes augurent \u00a0de bonnes perspectives pour l\u2019athl\u00e9tisme africain qui conna\u00eet \u00abune diversification \u00bb dans la pratique de cette discipline sportive.\u00a0<\/p>\n<p>\u00ab Des Ethiopiens ont lanc\u00e9 des javelots. Des Kenyans ont lanc\u00e9 des disques. Des Nig\u00e9rians ont fait du saut en hauteur et ont gagn\u00e9 des m\u00e9dailles d\u2019or. Ce que l\u2019on ne voyait pas par le pass\u00e9. Et c\u2019est \u00e0 encourager. Je me r\u00e9jouis de cette initiative qui a permis aux jeunes africains de 18 et 20 ans d\u2019avoir la possibilit\u00e9 de faire la comp\u00e9tition \u00bb, a-t-il ajout\u00e9. \u00a0<\/p>\n<p>Le pr\u00e9sident Kalkaba Malboum estime que \u00ab\u00a0ce type de comp\u00e9titions a un grand int\u00e9r\u00eat pour la rel\u00e8ve\u00a0\u00bb, car, cela constitue \u00ab\u00a0la fondation de l\u2019athl\u00e9tisme africain de demain\u00a0\u00bb au plan international.\u00a0Selon lui,\u00a0il n\u2019y aucune inqui\u00e9tude \u00e0 se faire concernant \u00ab les r\u00e9v\u00e9lations et les talents de cette comp\u00e9tition \u00bb.\u00a0\u00a0<\/p>\n<p><ins data-revive-zoneid=\"9\" data-revive-id=\"10111e19d28d19d031742ee3b0b33eb0\"\/> <\/p>\n<p>\u00abNous allons constituer un groupe baptis\u00e9 la g\u00e9n\u00e9ration 2024 en vue des Jeux Olympiques de pr\u00e9vus \u00e0 Paris. C\u2019est maintenant qu\u2019il faut commencer \u00e0 les pr\u00e9parer. Ce, afin que ceux qui se sont signal\u00e9s ici puissent atteindre le podium olympique pour l\u2019honneur du continent africain \u00bb, annonce M. Kalkaba.\u00a0<\/p>\n<p>Pour cela, le\u00a0sprinteur sud-africain, Dambile Sinespo vainqueur du 200m en 20\u201952 et Offili Rose Mary \u00a0du Nig\u00e9ria (52\u201927) au 400m qui ont re\u00e7u les troph\u00e9es de meilleures performances b\u00e9n\u00e9ficieront d\u2019une bourse pour les accompagner jusqu\u2019\u00e0 ce qu\u2019ils ach\u00e8vent la g\u00e9n\u00e9ration 2024.<\/p>\n<\/div>\n<p>Auteur: APA News<br \/>\n<a href=\"https:\/\/www.journalducameroun.com\/fr\/athletisme-21-records-africains-battus-aux-championnats-dafrique-u18-u20-a-abidjan\/\">Cliquez ici pour lire l&rsquo;article depuis sa source.<\/a><\/p>\n","protected":false},"excerpt":{"rendered":"<p>Publi\u00e9 le 24.04.2019 \u00e0 22h18 par APA News Les championnats d\u2019Afrique d\u2019athl\u00e9tisme des cadets et juniors ont pris fin, dimanche \u00e0 Abidjan, avec \u00ab 21 records africains battus \u00bb, a r\u00e9v\u00e9l\u00e9 Kalkaba Malboum, le Pr\u00e9sident de la Conf\u00e9d\u00e9ration Africaine d\u2019athl\u00e9tisme (CAA), au terme des comp\u00e9titions, se disant \u00ab satisfait \u00bb du niveau des jeunes athl\u00e8tes [&hellip;]<\/p>\n","protected":false},"author":1965,"featured_media":0,"comment_status":"closed","ping_status":"closed","sticky":false,"template":"","format":"standard","meta":{"fifu_image_url":"","fifu_image_alt":"","footnotes":""},"categories":[73,82],"tags":[],"class_list":["post-30107","post","type-post","status-publish","format-standard","hentry","category-actualite","category-cameroun"],"_links":{"self":[{"href":"https:\/\/linitiative.ca\/International\/wp-json\/wp\/v2\/posts\/30107","targetHints":{"allow":["GET"]}}],"collection":[{"href":"https:\/\/linitiative.ca\/International\/wp-json\/wp\/v2\/posts"}],"about":[{"href":"https:\/\/linitiative.ca\/International\/wp-json\/wp\/v2\/types\/post"}],"author":[{"embeddable":true,"href":"https:\/\/linitiative.ca\/International\/wp-json\/wp\/v2\/users\/1965"}],"replies":[{"embeddable":true,"href":"https:\/\/linitiative.ca\/International\/wp-json\/wp\/v2\/comments?post=30107"}],"version-history":[{"count":0,"href":"https:\/\/linitiative.ca\/International\/wp-json\/wp\/v2\/posts\/30107\/revisions"}],"wp:attachment":[{"href":"https:\/\/linitiative.ca\/International\/wp-json\/wp\/v2\/media?parent=30107"}],"wp:term":[{"taxonomy":"category","embeddable":true,"href":"https:\/\/linitiative.ca\/International\/wp-json\/wp\/v2\/categories?post=30107"},{"taxonomy":"post_tag","embeddable":true,"href":"https:\/\/linitiative.ca\/International\/wp-json\/wp\/v2\/tags?post=30107"}],"curies":[{"name":"wp","href":"https:\/\/api.w.org\/{rel}","templated":true}]}}