{"id":30129,"date":"2019-04-24T19:37:29","date_gmt":"2019-04-24T23:37:29","guid":{"rendered":"https:\/\/linitiative.ca\/International\/nuit-de-la-qualite-et-des-innovations-rendez-vous-le-3-mai-2019-pour-la-2e-edition\/"},"modified":"2019-04-24T19:37:29","modified_gmt":"2019-04-24T23:37:29","slug":"nuit-de-la-qualite-et-des-innovations-rendez-vous-le-3-mai-2019-pour-la-2e-edition","status":"publish","type":"post","link":"https:\/\/linitiative.ca\/International\/nuit-de-la-qualite-et-des-innovations-rendez-vous-le-3-mai-2019-pour-la-2e-edition\/","title":{"rendered":"Nuit de la qualit\u00e9 et des innovations: Rendez-vous le 3 mai 2019 pour la 2e \u00e9dition"},"content":{"rendered":"<div class=\"td-post-featured-image\" readability=\"34\"><a href=\"https:\/\/i2.wp.com\/www.sidwaya.info\/wp-content\/uploads\/2019\/04\/pane.jpg?fit=700%2C466&#038;ssl=1\" data-caption=\"Le pr\u00e9sident du comit\u00e9 d\u2019organisation, Gautier Raoul B\u00e9r\u00e9 (milieu) : \u00abNotre ambition est de faire du Burkina Faso un champion de la qualit\u00e9\u00bb.\"><img loading=\"lazy\" decoding=\"async\" width=\"696\" height=\"463\" class=\"entry-thumb td-modal-image\" src=\"https:\/\/i2.wp.com\/www.sidwaya.info\/wp-content\/uploads\/2019\/04\/pane.jpg?resize=696%2C463&#038;ssl=1\" srcset=\"https:\/\/i2.wp.com\/www.sidwaya.info\/wp-content\/uploads\/2019\/04\/pane.jpg?w=700&#038;ssl=1 700w, https:\/\/i2.wp.com\/www.sidwaya.info\/wp-content\/uploads\/2019\/04\/pane.jpg?resize=300%2C200&#038;ssl=1 300w, https:\/\/i2.wp.com\/www.sidwaya.info\/wp-content\/uploads\/2019\/04\/pane.jpg?resize=696%2C463&#038;ssl=1 696w, https:\/\/i2.wp.com\/www.sidwaya.info\/wp-content\/uploads\/2019\/04\/pane.jpg?resize=631%2C420&#038;ssl=1 631w\" sizes=\"auto, (max-width: 696px) 100vw, 696px\" alt=\"\" title=\"pane\"\/><\/a>Le pr\u00e9sident du comit\u00e9 d\u2019organisation, Gautier Raoul B\u00e9r\u00e9 (milieu) : \u00abNotre ambition est de faire du Burkina Faso un champion de la qualit\u00e9\u00bb.<\/div>\n<div class=\"td-a-rec td-a-rec-id-content_top td_uid_30_5cc10557ccfd0_rand td_block_template_1\"><img loading=\"lazy\" decoding=\"async\" class=\"aligncenter size-full wp-image-4463\" src=\"https:\/\/www.sidwaya.info\/wp-content\/uploads\/2019\/02\/FESPACO-TOUR-2019-Bannie%CC%80re-728x90-1.jpg\" alt=\"\" width=\"728\" height=\"90\"\/><\/div>\n<p><strong>Le comit\u00e9 d\u2019organisation de la nuit de la qualit\u00e9 et des innovations a annonc\u00e9, au cours d\u2019une conf\u00e9rence de presse, le mardi 23 avril 2019 \u00e0 Ouagadougou, la tenue de la soir\u00e9e de gala, le vendredi 3 mai 2019 dans la salle polyvalente du complexe de Ouaga-2000 sous le th\u00e8me : \u00abD\u00e9marche qualit\u00e9 et d\u00e9veloppement des secteurs priv\u00e9 et public\u00bb.<\/strong><\/p>\n<p>Les personnalit\u00e9s \u00e9conomiques et politiques, les repr\u00e9sentants et cadres d\u2019entreprises engag\u00e9es dans une d\u00e9marche qualit\u00e9, les professionnels de la qualit\u00e9, et les start-ups sont convi\u00e9s \u00e0 la 2e \u00e9dition de la nuit de la qualit\u00e9 et des innovations qui se tiendra le 3 mai 2019. L\u2019information a \u00e9t\u00e9 donn\u00e9e au cours d\u2019une conf\u00e9rence de presse, mardi 23 avril \u00e0 Ouagadougou. Le th\u00e8me retenu cette ann\u00e9e est : \u00abD\u00e9marche qualit\u00e9 et d\u00e9veloppement des secteurs priv\u00e9 et public\u00bb.<\/p>\n<p>Organis\u00e9e par le Group IMPROVE, cette soir\u00e9e de gala vise, selon le pr\u00e9sident du comit\u00e9 d\u2019organisation, Gautier Raoul B\u00e9r\u00e9, par ailleurs directeur g\u00e9n\u00e9ral du Group IMPROVE, \u00e0 r\u00e9v\u00e9ler au grand public, les acteurs \u00e9conomiques publics et priv\u00e9s engag\u00e9s dans une d\u00e9marche qualit\u00e9.<\/p>\n<p>\u00abLa nuit de la qualit\u00e9 et des innovations a pour ambition de conduire les entreprises \u00e0 plus de comp\u00e9titivit\u00e9, \u00e0 faire du Burkina Faso un champion de la qualit\u00e9 et une zone d\u2019\u00e9closion des start-ups, et ainsi contribuer \u00e0 attirer davantage les investisseurs\u00bb, a-t-il expliqu\u00e9.<\/p>\n<p>A cet effet, un jury compos\u00e9 d\u2019experts en management de la qualit\u00e9, en \u00e9conomie d\u2019entreprise et en communication d\u2019entreprise a s\u00e9lectionn\u00e9 les laur\u00e9ats qui seront distingu\u00e9s sur la base de plusieurs crit\u00e8res.<\/p>\n<p>Il s\u2019agit de l\u2019engagement dans la promotion de la qualit\u00e9, de la contribution au d\u00e9veloppement du secteur priv\u00e9 et la pertinence de l\u2019innovation. La cat\u00e9gorie \u00abA\u00bb va r\u00e9compenser quatre start-ups de jeunes entrepreneurs dans les domaines de l\u2019agroindustrie, la sant\u00e9, l\u2019\u00e9nergie et celui du num\u00e9rique.<\/p>\n<p>La cat\u00e9gorie \u00abB\u00bb va reconna\u00eetre les m\u00e9rites de trois entreprises dans la promotion de la qualit\u00e9. Quant \u00e0 la cat\u00e9gorie \u00abC\u00bb, elle va concerner les services publics ayant r\u00e9alis\u00e9 des innovations remarquables. La derni\u00e8re cat\u00e9gorie va primer trois personnalit\u00e9s qui soutiennent l\u2019engagement qualit\u00e9 et contribuent au d\u00e9veloppement du secteur priv\u00e9.<\/p>\n<p>\u00abLes prix sont compos\u00e9s d\u2019un troph\u00e9e et d\u2019un dipl\u00f4me de reconnaissance. Les start-ups b\u00e9n\u00e9ficieront en sus, d\u2019une promotion dans le magazine Afriqa Normes\u00bb, a pr\u00e9cis\u00e9 M. B\u00e9r\u00e9.<\/p>\n<h3>La satisfaction des clients en ligne de mire<\/h3>\n<p><img loading=\"lazy\" decoding=\"async\" class=\"size-medium wp-image-7207\" src=\"https:\/\/i1.wp.com\/www.sidwaya.info\/wp-content\/uploads\/2019\/04\/innovation2.jpg?resize=300%2C199&#038;ssl=1\" alt=\"\" width=\"300\" height=\"199\" srcset=\"https:\/\/i1.wp.com\/www.sidwaya.info\/wp-content\/uploads\/2019\/04\/innovation2.jpg?resize=300%2C199&#038;ssl=1 300w, https:\/\/i1.wp.com\/www.sidwaya.info\/wp-content\/uploads\/2019\/04\/innovation2.jpg?resize=696%2C462&#038;ssl=1 696w, https:\/\/i1.wp.com\/www.sidwaya.info\/wp-content\/uploads\/2019\/04\/innovation2.jpg?resize=632%2C420&#038;ssl=1 632w, https:\/\/i1.wp.com\/www.sidwaya.info\/wp-content\/uploads\/2019\/04\/innovation2.jpg?w=700&#038;ssl=1 700w\" sizes=\"auto, (max-width: 300px) 100vw, 300px\" data-recalc-dims=\"1\"\/>La nuit de la qualit\u00e9 et des innovations va offrir une rampe de lancement \u00e0 des innovations de jeunes dans quatre domaines, dont l\u2019agroindustrie.<\/p>\n<p>Interrog\u00e9 sur la d\u00e9finition de la notion de qualit\u00e9, les membres du comit\u00e9 d\u2019organisation ont expliqu\u00e9 qu\u2019elle renvoie d\u2019une mani\u00e8re g\u00e9n\u00e9rale \u00e0 la satisfaction du client par les services ou les produits des entreprises publiques ou priv\u00e9es.<\/p>\n<p>Selon le chef du d\u00e9partement organisation et qualit\u00e9 de ONATEL SA, principal sponsor de cette \u00e9dition, T\u00e9wend\u00e9 Dayama, la qualit\u00e9 se base sur les valeurs d\u00e9fendues par une entreprise et d\u00e9clin\u00e9es par la suite en actions visant la satisfaction des clients et partenaires internes et externes.<\/p>\n<p>Zacharia Traor\u00e9, un membre du jury, a soulign\u00e9 que la qualit\u00e9 a pris naissance au Japon afin de conqu\u00e9rir des parts de march\u00e9 face \u00e0 l\u2019invasion des produits occidentaux.<br \/>Le pr\u00e9sident du comit\u00e9 d\u2019organisation a lanc\u00e9 un appel aux acteurs \u00e9conomiques et aux clients afin de soutenir la nuit de la qualit\u00e9 et des innovations.<\/p>\n<p>Il s\u2019agit, selon lui, de soutenir l\u2019adoption d\u2019une d\u00e9marche qualit\u00e9 \u00e0 tous les niveaux afin de contribuer au changement qualitatif des habitudes de transformations socio\u00e9conomiques du Burkina Faso et de la sous-r\u00e9gion.<\/p>\n<p>Le patron du group IMPROVE a d\u00e9clar\u00e9 que la nuit de la qualit\u00e9 et des innovations vient en compl\u00e9ment d\u2019initiatives men\u00e9es par le minist\u00e8re du Commerce, de l\u2019Industrie et de l\u2019Artisanat au niveau national et la communaut\u00e9 des Etats de l\u2019Afrique de l\u2019Ouest dans le cadre global de l\u2019impl\u00e9mentation de l\u2019infrastructure qualit\u00e9 dans les Etats-membres.<\/p>\n<p>La nuit de la qualit\u00e9 et des innovations a \u00e9t\u00e9 cr\u00e9\u00e9e \u00e0 l\u2019occasion de la c\u00e9l\u00e9bration du 2e anniversaire du magazine \u00abAfriqa Normes\u00bb en 2017. Ce magazine produit par le Group IMPROVE est diffus\u00e9 sur les antennes de la RTB\/T\u00e9l\u00e9.<\/p>\n<p class=\"c1\"><strong>Nad\u00e8ge YE<\/strong><\/p>\n<div class=\"td-a-rec td-a-rec-id-content_bottom td_uid_31_5cc10557cd23b_rand td_block_template_1\"><img loading=\"lazy\" decoding=\"async\" class=\"alignright size-full wp-image-1724\" src=\"https:\/\/www.sidwaya.info\/wp-content\/uploads\/2018\/12\/sidwaya-pub.jpg\" alt=\"\" width=\"720\" height=\"90\"\/><\/div>\n<p>Auteur: JK. Sidwaya<br \/>\n<a href=\"https:\/\/www.sidwaya.info\/blog\/2019\/04\/24\/nuit-de-la-qualite-et-des-innovations-rendez-vous-le-3-mai-2019-pour-la-2e-edition\/\">Cliquez ici pour lire l&rsquo;article depuis sa source.<\/a><\/p>\n","protected":false},"excerpt":{"rendered":"<p>Le pr\u00e9sident du comit\u00e9 d\u2019organisation, Gautier Raoul B\u00e9r\u00e9 (milieu) : \u00abNotre ambition est de faire du Burkina Faso un champion de la qualit\u00e9\u00bb. Le comit\u00e9 d\u2019organisation de la nuit de la qualit\u00e9 et des innovations a annonc\u00e9, au cours d\u2019une conf\u00e9rence de presse, le mardi 23 avril 2019 \u00e0 Ouagadougou, la tenue de la soir\u00e9e [&hellip;]<\/p>\n","protected":false},"author":1816,"featured_media":0,"comment_status":"closed","ping_status":"closed","sticky":false,"template":"","format":"standard","meta":{"fifu_image_url":"","fifu_image_alt":"","footnotes":""},"categories":[73,81],"tags":[],"class_list":["post-30129","post","type-post","status-publish","format-standard","hentry","category-actualite","category-burkina-faso"],"_links":{"self":[{"href":"https:\/\/linitiative.ca\/International\/wp-json\/wp\/v2\/posts\/30129","targetHints":{"allow":["GET"]}}],"collection":[{"href":"https:\/\/linitiative.ca\/International\/wp-json\/wp\/v2\/posts"}],"about":[{"href":"https:\/\/linitiative.ca\/International\/wp-json\/wp\/v2\/types\/post"}],"author":[{"embeddable":true,"href":"https:\/\/linitiative.ca\/International\/wp-json\/wp\/v2\/users\/1816"}],"replies":[{"embeddable":true,"href":"https:\/\/linitiative.ca\/International\/wp-json\/wp\/v2\/comments?post=30129"}],"version-history":[{"count":0,"href":"https:\/\/linitiative.ca\/International\/wp-json\/wp\/v2\/posts\/30129\/revisions"}],"wp:attachment":[{"href":"https:\/\/linitiative.ca\/International\/wp-json\/wp\/v2\/media?parent=30129"}],"wp:term":[{"taxonomy":"category","embeddable":true,"href":"https:\/\/linitiative.ca\/International\/wp-json\/wp\/v2\/categories?post=30129"},{"taxonomy":"post_tag","embeddable":true,"href":"https:\/\/linitiative.ca\/International\/wp-json\/wp\/v2\/tags?post=30129"}],"curies":[{"name":"wp","href":"https:\/\/api.w.org\/{rel}","templated":true}]}}