{"id":30131,"date":"2019-04-24T19:46:14","date_gmt":"2019-04-24T23:46:14","guid":{"rendered":"https:\/\/linitiative.ca\/International\/un-denouement-in-extremis\/"},"modified":"2019-04-24T19:46:14","modified_gmt":"2019-04-24T23:46:14","slug":"un-denouement-in-extremis","status":"publish","type":"post","link":"https:\/\/linitiative.ca\/International\/un-denouement-in-extremis\/","title":{"rendered":"Un d\u00e9nouement in extremis"},"content":{"rendered":"<div class=\"td-post-featured-image\"><a href=\"https:\/\/i1.wp.com\/www.sidwaya.info\/wp-content\/uploads\/2019\/04\/autre.jpg?fit=489%2C295&#038;ssl=1\" data-caption=\"\"><img loading=\"lazy\" decoding=\"async\" width=\"489\" height=\"295\" class=\"entry-thumb td-modal-image\" src=\"https:\/\/i1.wp.com\/www.sidwaya.info\/wp-content\/uploads\/2019\/04\/autre.jpg?resize=489%2C295&#038;ssl=1\" srcset=\"https:\/\/i1.wp.com\/www.sidwaya.info\/wp-content\/uploads\/2019\/04\/autre.jpg?w=489&#038;ssl=1 489w, https:\/\/i1.wp.com\/www.sidwaya.info\/wp-content\/uploads\/2019\/04\/autre.jpg?resize=300%2C181&#038;ssl=1 300w\" sizes=\"auto, (max-width: 489px) 100vw, 489px\" alt=\"\" title=\"autre\"\/><\/a><\/div>\n<div class=\"td-a-rec td-a-rec-id-content_top td_uid_30_5cc1055b4a9df_rand td_block_template_1\"><img loading=\"lazy\" decoding=\"async\" class=\"aligncenter size-full wp-image-4463\" src=\"https:\/\/www.sidwaya.info\/wp-content\/uploads\/2019\/02\/FESPACO-TOUR-2019-Bannie%CC%80re-728x90-1.jpg\" alt=\"\" width=\"728\" height=\"90\"\/><\/div>\n<p>Apr\u00e8s plusieurs mois de tractations, la Coordination des syndicats du Minist\u00e8re de l\u2019Economie, des Finances et du D\u00e9veloppement (CS-MINEFID) et le gouvernement sont parvenus \u00e0 un accord le mardi 23 avril 2019.<\/p>\n<p>Au-del\u00e0 des d\u00e9tails, l\u2019on peut simplement affirmer que ce d\u00e9nouement constitue une bouff\u00e9e d\u2019oxyg\u00e8ne pour les Burkinab\u00e8, pour des acteurs \u00e9conomiques exasp\u00e9r\u00e9s et pour l\u2019\u00e9conomie du pays qui \u00e9tait au bord de l\u2019asphyxie. Ce qu\u2019il faut souhaiter cette fois-ci, c\u2019est une tr\u00eave durable.<\/p>\n<p>Peu importe les engagements pris lors des discussions, chaque camp doit mettre un peu d\u2019eau dans son vin afin que ces crises \u00e0 r\u00e9p\u00e9tition dans un d\u00e9partement aussi strat\u00e9gique ne soient que de vieux souvenirs. En tout \u00e9tat de cause, ceux qui en doutait encore auront bien compris, une bonne fois pour toute, que \u00abl\u2019argent n\u2019aime pas le bruit\u00bb.<\/p>\n<p>Esp\u00e9rons que ce modus vivendi avec les financiers n\u2019engendrent pas d\u2019autres revendications maximalistes pr\u00e9judiciables. Un autre aspect non moins important qu\u2019il faut prendre en compte dans les n\u00e9gociations, et qui ne concerne pas uniquement les financiers, est la communication.<\/p>\n<p>Pour \u00e9viter toute suspicion, il est important d\u2019appr\u00e9cier l\u2019opportunit\u00e9 de la communication autour de la question, de l\u2019\u00e9largir aux autres acteurs de la soci\u00e9t\u00e9. Informer l\u2019opinion des conditions dans lesquelles les n\u00e9gociations ont \u00e9t\u00e9 men\u00e9es et ce \u00e0 quoi elles ont abouti est aussi important que d\u00e9nouer une crise.<\/p>\n<p>La preuve, sans m\u00eame laisser le temps aux protagonistes (CS-MINEFID et gouvernement) de s\u2019exprimer sur leurs \u00e9changes, certains citoyens s\u2019offusquaient d\u00e9j\u00e0 sur la toile d\u00e8s l\u2019annonce de l\u2019accord. Ils ont vite fait de crier haut et fort \u00e0 une solution non transparente concoct\u00e9e sous les manteaux.<\/p>\n<p>Certains sont all\u00e9s plus loin en appelant les autres syndicats \u00e0 remettre en marche leur machine de revendications parce que les argentiers auraient obtenu gain de cause. Pourtant, il ne faut pas se voiler la face, devant certaines r\u00e9alit\u00e9s, il faut que chacun fasse des concessions pour l\u2019int\u00e9r\u00eat sup\u00e9rieur de la nation.<\/p>\n<p>Et sans \u00eatre dans le secret des dieux, nous osons croire que c\u2019est cet esprit qui a pr\u00e9valu pendant les \u00e9changes. Si c\u2019est le cas, tant mieux, car le probl\u00e8me devenait de plus en plus inqui\u00e9tant. Ce n\u2019est d\u2019ailleurs pas exag\u00e9r\u00e9 de dire que nous tutoyions les pr\u00e9cipices.<\/p>\n<p>Des syndicats de commer\u00e7ants, lors d\u2019une conf\u00e9rence de presse n\u2019avaient-ils pas pr\u00e9venu que jusqu\u2019\u00e0 la fin du mois d\u2019avril, si une solution n\u2019\u00e9tait pas trouv\u00e9e \u00e0 la \u00abgr\u00e8ve\u00bb, eux-aussi allaient se faire entendre\u00a0? Et, \u00e0 les \u00e9couter ce jour-l\u00e0, l\u2019on pouvait pr\u00e9sager des cons\u00e9quences de ce qu\u2019ils entrevoyaient.<\/p>\n<p>Apr\u00e8s eux, qui d\u2019autre allait se mettre dans la danse? On ne pourrait le deviner. Maintenant que la s\u00e9r\u00e9nit\u00e9 semble revenue au MINEFID, il ne faut surtout pas perdre de vue l\u2019approche globale pr\u00e9conis\u00e9e le processus de mise \u00e0 plat des syst\u00e8mes de r\u00e9mun\u00e9ration des agents publics? En apparence, c\u2019est la solution qui s\u2019impose, m\u00eame si pour le moment, les travailleurs concern\u00e9s ne savent pas grand-chose sur le traitement qu\u2019ils recevront.<\/p>\n<p class=\"c1\"><strong>Daniel ZONGO<\/strong><\/p>\n<div class=\"td-a-rec td-a-rec-id-content_bottom td_uid_31_5cc1055b4ac2b_rand td_block_template_1\"><img loading=\"lazy\" decoding=\"async\" class=\"alignright size-full wp-image-1724\" src=\"https:\/\/www.sidwaya.info\/wp-content\/uploads\/2018\/12\/sidwaya-pub.jpg\" alt=\"\" width=\"720\" height=\"90\"\/><\/div>\n<p>Auteur: JK. Sidwaya<br \/>\n<a href=\"https:\/\/www.sidwaya.info\/blog\/2019\/04\/24\/un-denouement-in-extremis\/\">Cliquez ici pour lire l&rsquo;article depuis sa source.<\/a><\/p>\n","protected":false},"excerpt":{"rendered":"<p>Apr\u00e8s plusieurs mois de tractations, la Coordination des syndicats du Minist\u00e8re de l\u2019Economie, des Finances et du D\u00e9veloppement (CS-MINEFID) et le gouvernement sont parvenus \u00e0 un accord le mardi 23 avril 2019. Au-del\u00e0 des d\u00e9tails, l\u2019on peut simplement affirmer que ce d\u00e9nouement constitue une bouff\u00e9e d\u2019oxyg\u00e8ne pour les Burkinab\u00e8, pour des acteurs \u00e9conomiques exasp\u00e9r\u00e9s et [&hellip;]<\/p>\n","protected":false},"author":1816,"featured_media":0,"comment_status":"closed","ping_status":"closed","sticky":false,"template":"","format":"standard","meta":{"fifu_image_url":"","fifu_image_alt":"","footnotes":""},"categories":[73,81],"tags":[],"class_list":["post-30131","post","type-post","status-publish","format-standard","hentry","category-actualite","category-burkina-faso"],"_links":{"self":[{"href":"https:\/\/linitiative.ca\/International\/wp-json\/wp\/v2\/posts\/30131","targetHints":{"allow":["GET"]}}],"collection":[{"href":"https:\/\/linitiative.ca\/International\/wp-json\/wp\/v2\/posts"}],"about":[{"href":"https:\/\/linitiative.ca\/International\/wp-json\/wp\/v2\/types\/post"}],"author":[{"embeddable":true,"href":"https:\/\/linitiative.ca\/International\/wp-json\/wp\/v2\/users\/1816"}],"replies":[{"embeddable":true,"href":"https:\/\/linitiative.ca\/International\/wp-json\/wp\/v2\/comments?post=30131"}],"version-history":[{"count":0,"href":"https:\/\/linitiative.ca\/International\/wp-json\/wp\/v2\/posts\/30131\/revisions"}],"wp:attachment":[{"href":"https:\/\/linitiative.ca\/International\/wp-json\/wp\/v2\/media?parent=30131"}],"wp:term":[{"taxonomy":"category","embeddable":true,"href":"https:\/\/linitiative.ca\/International\/wp-json\/wp\/v2\/categories?post=30131"},{"taxonomy":"post_tag","embeddable":true,"href":"https:\/\/linitiative.ca\/International\/wp-json\/wp\/v2\/tags?post=30131"}],"curies":[{"name":"wp","href":"https:\/\/api.w.org\/{rel}","templated":true}]}}