{"id":30182,"date":"2019-04-25T04:33:45","date_gmt":"2019-04-25T08:33:45","guid":{"rendered":"https:\/\/linitiative.ca\/International\/avec-une-hausse-des-prix-a-la-production-la-fin-de-la-crise-pour-le-secteur-laitier\/"},"modified":"2019-04-25T04:33:45","modified_gmt":"2019-04-25T08:33:45","slug":"avec-une-hausse-des-prix-a-la-production-la-fin-de-la-crise-pour-le-secteur-laitier","status":"publish","type":"post","link":"https:\/\/linitiative.ca\/International\/avec-une-hausse-des-prix-a-la-production-la-fin-de-la-crise-pour-le-secteur-laitier\/","title":{"rendered":"Avec une hausse des prix \u00e0 la production La fin de la crise pour le secteur laitier"},"content":{"rendered":"<p>La p\u00e9nurie a point\u00e9 du nez, et le consommateur a commenc\u00e9 \u00e0 subir le calvaire de la recherche d\u2019un paquet de lait demi-\u00e9cr\u00e9m\u00e9 \u00e0 1,120 dinar, sans le trouver, pour se rabattre bon gr\u00e9 mal gr\u00e9 sur le lait entier \u00e0 plus de 1,6 dinar. Et comme d\u2019habitude, il fallait attendre la derni\u00e8re minute, pour que les pouvoirs publics bougent, enfin.<\/p>\n<p>Une hausse du prix du lait de 100 millimes le litre au niveau de la production, mais qui n\u2019impactera pas le prix de vente, a \u00e9t\u00e9 annonc\u00e9e, mercredi, par le chef du gouvernement Youssef Chahed.<\/p>\n<p>Le montant de 55 millimes de cette hausse sera r\u00e9serv\u00e9 au producteur, 30 millimes iront au profit des industriels et 15 millimes aux collecteurs. La caisse g\u00e9n\u00e9rale de compensation (CGC) supportera cette augmentation \u00e9valu\u00e9e \u00e0 60 millions de dinars.<\/p>\n<p>Chahed a annonc\u00e9 cette hausse \u00e0 l\u2019occasion de la signature du pacte de partenariat entre les secteurs public et priv\u00e9 (PPP), en vue de promouvoir la fili\u00e8re du lait sur la p\u00e9riode 2019-2025.<\/p>\n<p>Il a d\u00e9clar\u00e9 que la signature du pacte de partenariat public-priv\u00e9 est similaire que celui sign\u00e9, dans le secteur du textile (21 f\u00e9vrier 2019).<\/p>\n<p>Et d\u2019ajouter que ce pacte repose sur des objectifs clairs\u00a0; \u00e0 savoir les engagements du gouvernement et ceux de la profession pour augmenter la productivit\u00e9 et l\u2019exportation, exprimant son souhait de voir la r\u00e9alisation, \u00e0 moyen terme, des objectifs assign\u00e9s au secteur laitier.<\/p>\n<p>Le Chef du gouvernement a, \u00e9galement, ajout\u00e9 que l\u2019objectif de ce document vise \u00e0 soutenir le syst\u00e8me laitier, \u00e0 maintenir sa p\u00e9rennit\u00e9 et son \u00e9quilibre dans le cadre d\u2019une vision globale pour une p\u00e9riode de cinq ans (2019\/2025).<\/p>\n<p>Le pacte de partenariat qui comporte des objectifs quantitatifs et qualitatifs, vise, \u00e9galement, \u00e0 restructurer et \u00e0 former le b\u00e9tail, \u00e0 augmenter la productivit\u00e9 des vaches, \u00e0 assurer l\u2019efficacit\u00e9 \u00e9conomique de tous les intervenants et \u00e0 am\u00e9liorer la qualit\u00e9 et la sant\u00e9 du troupeau ainsi la s\u00e9curit\u00e9 sanitaire des produits.<\/p>\n<p>Il s\u2019agit, en outre, d\u2019assurer l\u2019approvisionnement du march\u00e9 en lait et ses produits d\u00e9riv\u00e9s et de consolider le positionnement des produits tunisiens sur les march\u00e9s ext\u00e9rieurs.<\/p>\n<p class=\"dpsp-share-text\">Partager c&rsquo;est aimer!<\/p>\n<div class=\"wp-post-author-wrap wp-post-author-shortcode left\">\n<h3 class=\"awpa-title\"\/>\n<div class=\"wp-post-author\">\n<div class=\"awpa-img awpa-author-block square\"><a href=\"http:\/\/lexpertjournal.net\/fr\/author\/expert\/\"><img loading=\"lazy\" decoding=\"async\" alt=\"\" src=\"http:\/\/2.gravatar.com\/avatar\/56d99be2a6f97af88ccb49fada637fcd?s=150&#038;d=mm&#038;r=g\" srcset=\"http:\/\/2.gravatar.com\/avatar\/56d99be2a6f97af88ccb49fada637fcd?s=300&#038;d=mm&#038;r=g 2x\" class=\"avatar avatar-150 photo\" height=\"150\" width=\"150\"\/><\/a><\/div>\n<\/div>\n<\/div>\n<p>Auteur: L&rsquo;expert<br \/>\n<a href=\"http:\/\/lexpertjournal.net\/fr\/2019\/04\/25\/avec-une-hausse-des-prix-a-la-production-la-fin-de-la-crise-pour-le-secteur-laitier\/\">Cliquez ici pour lire l&rsquo;article depuis sa source.<\/a><\/p>\n","protected":false},"excerpt":{"rendered":"<p>La p\u00e9nurie a point\u00e9 du nez, et le consommateur a commenc\u00e9 \u00e0 subir le calvaire de la recherche d\u2019un paquet de lait demi-\u00e9cr\u00e9m\u00e9 \u00e0 1,120 dinar, sans le trouver, pour se rabattre bon gr\u00e9 mal gr\u00e9 sur le lait entier \u00e0 plus de 1,6 dinar. Et comme d\u2019habitude, il fallait attendre la derni\u00e8re minute, pour [&hellip;]<\/p>\n","protected":false},"author":1775,"featured_media":0,"comment_status":"closed","ping_status":"closed","sticky":false,"template":"","format":"standard","meta":{"fifu_image_url":"","fifu_image_alt":"","footnotes":""},"categories":[78,55],"tags":[],"class_list":["post-30182","post","type-post","status-publish","format-standard","hentry","category-economie","category-tunisie"],"_links":{"self":[{"href":"https:\/\/linitiative.ca\/International\/wp-json\/wp\/v2\/posts\/30182","targetHints":{"allow":["GET"]}}],"collection":[{"href":"https:\/\/linitiative.ca\/International\/wp-json\/wp\/v2\/posts"}],"about":[{"href":"https:\/\/linitiative.ca\/International\/wp-json\/wp\/v2\/types\/post"}],"author":[{"embeddable":true,"href":"https:\/\/linitiative.ca\/International\/wp-json\/wp\/v2\/users\/1775"}],"replies":[{"embeddable":true,"href":"https:\/\/linitiative.ca\/International\/wp-json\/wp\/v2\/comments?post=30182"}],"version-history":[{"count":0,"href":"https:\/\/linitiative.ca\/International\/wp-json\/wp\/v2\/posts\/30182\/revisions"}],"wp:attachment":[{"href":"https:\/\/linitiative.ca\/International\/wp-json\/wp\/v2\/media?parent=30182"}],"wp:term":[{"taxonomy":"category","embeddable":true,"href":"https:\/\/linitiative.ca\/International\/wp-json\/wp\/v2\/categories?post=30182"},{"taxonomy":"post_tag","embeddable":true,"href":"https:\/\/linitiative.ca\/International\/wp-json\/wp\/v2\/tags?post=30182"}],"curies":[{"name":"wp","href":"https:\/\/api.w.org\/{rel}","templated":true}]}}