{"id":30183,"date":"2019-04-25T04:36:21","date_gmt":"2019-04-25T08:36:21","guid":{"rendered":"https:\/\/linitiative.ca\/International\/grande-bretagne-allegement-des-procedures-de-visa-pour-les-etudiants-tunisiens\/"},"modified":"2019-04-25T04:36:21","modified_gmt":"2019-04-25T08:36:21","slug":"grande-bretagne-allegement-des-procedures-de-visa-pour-les-etudiants-tunisiens","status":"publish","type":"post","link":"https:\/\/linitiative.ca\/International\/grande-bretagne-allegement-des-procedures-de-visa-pour-les-etudiants-tunisiens\/","title":{"rendered":"Grande Bretagne :  All\u00e8gement des proc\u00e9dures de visa pour les \u00e9tudiants tunisiens"},"content":{"rendered":"<p>Le d\u00e9partement des Affaires Etrang\u00e8res du Royaume-Uni vient d\u2019annoncer un all\u00e8gement des proc\u00e9dures d\u2019attribution de visa au profit des \u00e9tudiants tunisiens qui d\u00e9sirent poursuivre leurs cursus acad\u00e9mique en Grande Bretagne et ce \u00e0 partir du 6 avril 2019, indique un communiqu\u00e9 du minist\u00e8re de l\u2019enseignement sup\u00e9rieur et de la recherche scientifique.<\/p>\n<p>Ces facilitations concernent les \u00e9tudiants tunisiens b\u00e9n\u00e9ficiant d\u2019un accord d\u00e9finitif pour une inscription \u00e0 plein temps dans une universit\u00e9 britannique. Les \u00e9tudiants tunisiens seront, d\u00e9sormais, dispens\u00e9s de fournir des documents relatifs\u00e0 leurs ressources financi\u00e8res, de leur niveau scientifique et de leur niveau linguistique.<\/p>\n<p>Ces mesures qui s\u2019inscrivent dans le cadre du renforcement de la coop\u00e9ration universitaire tuniso-britannique ont \u00e9t\u00e9 prises suite aux rencontres bilat\u00e9rales ayant r\u00e9unis \u00e0 Londres en janvier 2019 la d\u00e9l\u00e9gation minist\u00e9rielle tunisienne et les responsables britanniques.<\/p>\n<p class=\"dpsp-share-text\">Partager c&rsquo;est aimer!<\/p>\n<div class=\"wp-post-author-wrap wp-post-author-shortcode left\">\n<h3 class=\"awpa-title\"\/>\n<div class=\"wp-post-author\">\n<div class=\"awpa-img awpa-author-block square\"><a href=\"http:\/\/lexpertjournal.net\/fr\/author\/expert\/\"><img loading=\"lazy\" decoding=\"async\" alt=\"\" src=\"http:\/\/2.gravatar.com\/avatar\/56d99be2a6f97af88ccb49fada637fcd?s=150&#038;d=mm&#038;r=g\" srcset=\"http:\/\/2.gravatar.com\/avatar\/56d99be2a6f97af88ccb49fada637fcd?s=300&#038;d=mm&#038;r=g 2x\" class=\"avatar avatar-150 photo\" height=\"150\" width=\"150\"\/><\/a><\/div>\n<\/div>\n<\/div>\n<p>Auteur: L&rsquo;expert<br \/>\n<a href=\"http:\/\/lexpertjournal.net\/fr\/2019\/04\/25\/grande-bretagne-allegement-des-procedures-de-visa-pour-les-etudiants-tunisiens\/\">Cliquez ici pour lire l&rsquo;article depuis sa source.<\/a><\/p>\n","protected":false},"excerpt":{"rendered":"<p>Le d\u00e9partement des Affaires Etrang\u00e8res du Royaume-Uni vient d\u2019annoncer un all\u00e8gement des proc\u00e9dures d\u2019attribution de visa au profit des \u00e9tudiants tunisiens qui d\u00e9sirent poursuivre leurs cursus acad\u00e9mique en Grande Bretagne et ce \u00e0 partir du 6 avril 2019, indique un communiqu\u00e9 du minist\u00e8re de l\u2019enseignement sup\u00e9rieur et de la recherche scientifique. Ces facilitations concernent les [&hellip;]<\/p>\n","protected":false},"author":1775,"featured_media":0,"comment_status":"closed","ping_status":"closed","sticky":false,"template":"","format":"standard","meta":{"fifu_image_url":"","fifu_image_alt":"","footnotes":""},"categories":[78,55],"tags":[],"class_list":["post-30183","post","type-post","status-publish","format-standard","hentry","category-economie","category-tunisie"],"_links":{"self":[{"href":"https:\/\/linitiative.ca\/International\/wp-json\/wp\/v2\/posts\/30183","targetHints":{"allow":["GET"]}}],"collection":[{"href":"https:\/\/linitiative.ca\/International\/wp-json\/wp\/v2\/posts"}],"about":[{"href":"https:\/\/linitiative.ca\/International\/wp-json\/wp\/v2\/types\/post"}],"author":[{"embeddable":true,"href":"https:\/\/linitiative.ca\/International\/wp-json\/wp\/v2\/users\/1775"}],"replies":[{"embeddable":true,"href":"https:\/\/linitiative.ca\/International\/wp-json\/wp\/v2\/comments?post=30183"}],"version-history":[{"count":0,"href":"https:\/\/linitiative.ca\/International\/wp-json\/wp\/v2\/posts\/30183\/revisions"}],"wp:attachment":[{"href":"https:\/\/linitiative.ca\/International\/wp-json\/wp\/v2\/media?parent=30183"}],"wp:term":[{"taxonomy":"category","embeddable":true,"href":"https:\/\/linitiative.ca\/International\/wp-json\/wp\/v2\/categories?post=30183"},{"taxonomy":"post_tag","embeddable":true,"href":"https:\/\/linitiative.ca\/International\/wp-json\/wp\/v2\/tags?post=30183"}],"curies":[{"name":"wp","href":"https:\/\/api.w.org\/{rel}","templated":true}]}}