{"id":30189,"date":"2019-04-25T10:27:42","date_gmt":"2019-04-25T14:27:42","guid":{"rendered":"https:\/\/linitiative.ca\/International\/circuits-du-commerce-parallele-une-pieuvre-dont-il-faut-couper-les-ailes-et-les-sources-dapprovisionnement\/"},"modified":"2019-04-25T10:27:42","modified_gmt":"2019-04-25T14:27:42","slug":"circuits-du-commerce-parallele-une-pieuvre-dont-il-faut-couper-les-ailes-et-les-sources-dapprovisionnement","status":"publish","type":"post","link":"https:\/\/linitiative.ca\/International\/circuits-du-commerce-parallele-une-pieuvre-dont-il-faut-couper-les-ailes-et-les-sources-dapprovisionnement\/","title":{"rendered":"Circuits du commerce parall\u00e8le Une pieuvre dont il faut couper les ailes et les sources d\u2019approvisionnement"},"content":{"rendered":"<p><strong><em>Le commerce parall\u00e8le est le fl\u00e9au qui s\u00e9vit, actuellement, en toute impunit\u00e9 et les barons de la contrebande s\u2019en donnent \u00e0 c\u0153ur joie, en profitant de la nonchalance des pouvoirs publics et de l\u2019engouement des citoyens pour les produits qui lui sont fournis, \u00e0 moindre prix, lorsqu\u2019il s\u2019agit de quelque chose de ressemblant \u00e0 ce qui existe au prix fort, sur le march\u00e9. IL en est de m\u00eame, aussi, lors des p\u00e9nuries orchestr\u00e9es et c\u2019est, \u00e0 ce moment, que le citoyen accepte le dictat de la contrebande, en payant le prix fort.<\/em><\/strong><\/p>\n<p>Qu\u2019on le veuille ou non, le consommateur ne peut pas \u00e9chapper \u00e0 la loi de l\u2019offre et de la demande, surtout pour les produits de consommations quotidiens. IL est contraint \u00e0 subir la loi des sp\u00e9culateurs et des contrebandiers, lorsqu\u2019il ne trouve pas les produits de premi\u00e8re n\u00e9cessit\u00e9, et ce ne sont pas les responsables politiques qui peuvent contredire les effets de ce ph\u00e9nom\u00e8ne, avec des pouvoirs publics qui sont loin de satisfaire les besoins du citoyen.<\/p>\n<p>Le commerce parall\u00e8le est, actuellement, florissant, avec des pouvoirs publics qui pr\u00eatent le flanc et qui ne sont pas capables de ma\u00eetriser les circuits de distribution, que ce soit par m\u00e9connaissance du ph\u00e9nom\u00e8ne. Pourtant, ils ont tous les moyens l\u00e9gaux pour mettre fin \u00e0 ces pratiques malfaisantes qui prennent le citoyen pour cible, en veillant \u00e0 la bonne organisation de la distribution des produits, sans all\u00e9geance ni favoritisme.<\/p>\n<p>A titre d\u2019exemple, une patrouille conjointe des \u00e9quipes de contr\u00f4le \u00e9conomique, relevant de la direction du commerce du gouvernorat de Monastir, et des unit\u00e9s de la Garde nationale appartenant au district de la Garde nationale de T\u00e9boulba (Gouvernorat de Monastir) ont saisi 5 tonnes et 100 kg de pommes de terre, \u00e0 bord d\u2019un camion qui se dirigeait vers la r\u00e9gion de Gab\u00e8s, en raison de l\u2019absence des documents n\u00e9cessaires. Ces quantit\u00e9s seront r\u00e9inject\u00e9 dans les circuits l\u00e9gaux, selon la directrice du commerce du gouvernorat de Monastir, Siham Mabrouk.<\/p>\n<p>Concernant la disponibilit\u00e9 et le prix des pommes de terre dans la r\u00e9gion, le directrice r\u00e9gionale a expliqu\u00e9 qu\u2019il existe actuellement des stocks r\u00e9gulateurs du march\u00e9 dont le prix est de 900 mm le kg sur le march\u00e9 de gros et entre 1100 et 1 200 mm sur le march\u00e9 de d\u00e9tail. Elle a, en outre, expliqu\u00e9 qu\u2019il existe, aussi, des pommes de terre de saison dont le prix a chut\u00e9 de 100 \u00e0 200 millimes pour passer de 1 700 millim\u00e8tres \u00e0 1 500 et 1 400 millimes.<\/p>\n<p>Par ailleurs, les \u00e9quipes de contr\u00f4le \u00e9conomique ont relev\u00e9, au cours des visites sur le terrain \u00e0 Bekalta, Ksar Hellal, Moknine et Jammel, 22 infractions \u00e9conomiques dans divers secteurs. Ces infractions sont li\u00e9es au non-respect des bar\u00e8mes de prix, \u00e0 des hausses de prix illicites et \u00e0 la d\u00e9tention de produits par une personne ne r\u00e9pondant pas aux conditions d\u2019agent commercial et \u00e0 l\u2019absence de facturation, selon la m\u00eame source.<\/p>\n<p>IL est du droit du citoyen de se demander pourquoi il paie des imp\u00f4ts et des taxes, alors que ces pouvoirs publics qui sont cens\u00e9s le prot\u00e9ger se confinent dans leurs fauteuils et ne savent rien de ce qui se passe dans le pays.<\/p>\n<p>Entretemps, des personnes malintentionn\u00e9es, des sp\u00e9culateurs et des contrebandiers profitent de cette l\u00e9thargie des pouvoirs publics pour s\u2019enrichir d\u2019une mani\u00e8re \u00e9hont\u00e9e, alors que des \u00e9quipes de contr\u00f4le \u00e9conomiques, parfois suspectes et, parfois, complices, juste pour remplir leurs couffins, laissent faire et ne tombent que sur \u00ab\u00a0ceux qui ne veulent pas payer la dime\u00a0\u00bb.<\/p>\n<p>Les risques sont grands de voir la sp\u00e9culation s\u2019amplifier, avec l\u2019arriv\u00e9e du mois de Ramadhan, au cours duquel il y a un engouement hors-norme pour les produits de consommation de toutes sortes.<\/p>\n<p>C\u2019est d\u00e8s lors qu\u2019il faut parler d\u2019intensification des contr\u00f4les \u00e9conomiques et, surtout de sanctions exemplaires pour dissuader tous les sp\u00e9culateurs\u2026 mais, cela ne semble pas \u00eatre le cas, lorsqu\u2019on voit les services de commerce submerg\u00e9s, parfois, et permissifs, d\u2019autres fois, pour que le consommateur paie, comme toujours, les frais en monnaie sonnante et tr\u00e9buchante. En parall\u00e8le, et comme c\u2019est souvent le cas, les sp\u00e9culateurs sortiront du mois saint, avec les poches bien remplis, bien contents d\u2019avoir profit\u00e9 de la situation, aux d\u00e9pens de ce consommateur qui n\u2019arrive pas \u00e0 joindre les deux bouts.<\/p>\n<p>L\u2019important est donc de voir les pouvoirs publics devenir traiter cette question avec plus de s\u00e9v\u00e9rit\u00e9, en dess\u00e9chant les sources d\u2019approvisionnement du commerce parall\u00e8le.<\/p>\n<p class=\"c1\"><strong>F.S.<\/strong><\/p>\n<p class=\"dpsp-share-text\">Partager c&rsquo;est aimer!<\/p>\n<div class=\"wp-post-author-wrap wp-post-author-shortcode left\">\n<h3 class=\"awpa-title\"\/>\n<div class=\"wp-post-author\">\n<div class=\"awpa-img awpa-author-block square\"><a href=\"http:\/\/lexpertjournal.net\/fr\/author\/expert\/\"><img loading=\"lazy\" decoding=\"async\" alt=\"\" src=\"http:\/\/2.gravatar.com\/avatar\/56d99be2a6f97af88ccb49fada637fcd?s=150&#038;d=mm&#038;r=g\" srcset=\"http:\/\/2.gravatar.com\/avatar\/56d99be2a6f97af88ccb49fada637fcd?s=300&#038;d=mm&#038;r=g 2x\" class=\"avatar avatar-150 photo\" height=\"150\" width=\"150\"\/><\/a><\/div>\n<\/div>\n<\/div>\n<p>Auteur: L&rsquo;expert<br \/>\n<a href=\"http:\/\/lexpertjournal.net\/fr\/2019\/04\/25\/circuits-du-commerce-parallele-une-pieuvre-dont-il-faut-couper-les-ailes-et-les-sources-dapprovisionnement\/\">Cliquez ici pour lire l&rsquo;article depuis sa source.<\/a><\/p>\n","protected":false},"excerpt":{"rendered":"<p>Le commerce parall\u00e8le est le fl\u00e9au qui s\u00e9vit, actuellement, en toute impunit\u00e9 et les barons de la contrebande s\u2019en donnent \u00e0 c\u0153ur joie, en profitant de la nonchalance des pouvoirs publics et de l\u2019engouement des citoyens pour les produits qui lui sont fournis, \u00e0 moindre prix, lorsqu\u2019il s\u2019agit de quelque chose de ressemblant \u00e0 ce [&hellip;]<\/p>\n","protected":false},"author":1775,"featured_media":0,"comment_status":"closed","ping_status":"closed","sticky":false,"template":"","format":"standard","meta":{"fifu_image_url":"","fifu_image_alt":"","footnotes":""},"categories":[78,55],"tags":[],"class_list":["post-30189","post","type-post","status-publish","format-standard","hentry","category-economie","category-tunisie"],"_links":{"self":[{"href":"https:\/\/linitiative.ca\/International\/wp-json\/wp\/v2\/posts\/30189","targetHints":{"allow":["GET"]}}],"collection":[{"href":"https:\/\/linitiative.ca\/International\/wp-json\/wp\/v2\/posts"}],"about":[{"href":"https:\/\/linitiative.ca\/International\/wp-json\/wp\/v2\/types\/post"}],"author":[{"embeddable":true,"href":"https:\/\/linitiative.ca\/International\/wp-json\/wp\/v2\/users\/1775"}],"replies":[{"embeddable":true,"href":"https:\/\/linitiative.ca\/International\/wp-json\/wp\/v2\/comments?post=30189"}],"version-history":[{"count":0,"href":"https:\/\/linitiative.ca\/International\/wp-json\/wp\/v2\/posts\/30189\/revisions"}],"wp:attachment":[{"href":"https:\/\/linitiative.ca\/International\/wp-json\/wp\/v2\/media?parent=30189"}],"wp:term":[{"taxonomy":"category","embeddable":true,"href":"https:\/\/linitiative.ca\/International\/wp-json\/wp\/v2\/categories?post=30189"},{"taxonomy":"post_tag","embeddable":true,"href":"https:\/\/linitiative.ca\/International\/wp-json\/wp\/v2\/tags?post=30189"}],"curies":[{"name":"wp","href":"https:\/\/api.w.org\/{rel}","templated":true}]}}