{"id":30210,"date":"2019-04-25T09:48:46","date_gmt":"2019-04-25T13:48:46","guid":{"rendered":"https:\/\/linitiative.ca\/International\/khenchela-50-millions-da-pour-la-refection-du-siege-de-la-1ere-wilaya-historique-a-lemsara\/"},"modified":"2019-04-25T09:48:46","modified_gmt":"2019-04-25T13:48:46","slug":"khenchela-50-millions-da-pour-la-refection-du-siege-de-la-1ere-wilaya-historique-a-lemsara","status":"publish","type":"post","link":"https:\/\/linitiative.ca\/International\/khenchela-50-millions-da-pour-la-refection-du-siege-de-la-1ere-wilaya-historique-a-lemsara\/","title":{"rendered":"\u00a0Khenchela : 50 millions DA pour la r\u00e9fection du si\u00e8ge de la 1\u00e8re wilaya historique \u00e0 Lemsara"},"content":{"rendered":"<div>\n<div class=\"K2FeedIntroText\">\n<p><strong>KHENCHELA &#8211; Une enveloppe financi\u00e8re de 50 millions de dinars a \u00e9t\u00e9 r\u00e9serv\u00e9e pour la r\u00e9fection du si\u00e8ge du commandement de la 1<sup>\u00e8re<\/sup> wilaya historique, situ\u00e9 dans la for\u00eat de B\u00e9ni Meloul, commune de Lemsara (wilaya de Khenchela), a-t-on appris du directeur local des Moudjahidine, Said Cherikhi.<\/strong><\/p>\n<\/div>\n<div class=\"K2FeedFullText\">\n<p>La r\u00e9habilitation et la pr\u00e9servation du si\u00e8ge de la 1\u00e8re wilaya historique, l&rsquo;unique projet d\u00e9pendant du secteur des moudjahidine de Khenchela, a b\u00e9n\u00e9fici\u00e9 du lev\u00e9 de gel en r\u00e9ponse \u00e0 la demande \u00e9mise par le chef de l&rsquo;ex\u00e9cutif local et les services de la direction locale des Moudjahidine, a indiqu\u00e9 mercredi le responsable \u00e0 l&rsquo;APS.<\/p>\n<p>L&rsquo;objectif est de pr\u00e9server cet important monument historique devenu un abris des animaux vivant dans cette r\u00e9gion, a fait savoir le responsable,ajoutant que ce haut lieu historique, un des rep\u00e8res phares de la Guerre de lib\u00e9ration nationale refl\u00e8te les victoires des moudjahidine de la r\u00e9gion\u00a0pour l&rsquo;ind\u00e9pendance et la souverainet\u00e9 de l&rsquo;Alg\u00e9rie.<\/p>\n<p>Des repr\u00e9sentants de la direction des Moudjahidine, la famille r\u00e9volutionnaire et l&rsquo;Organisation nationale des moudjahidine ont visit\u00e9 r\u00e9cemment cette r\u00e9gion pour constater de visu l&rsquo;\u00e9tat de d\u00e9gradation dans lequel se trouve ce si\u00e8ge historique, a rappel\u00e9 M. Cherikhi, ajoutant que\u00a0la direction des Moudjahidine a conclu un accord avec une entreprise pour le lancement \u00ab\u00a0dans les brefs d\u00e9lais\u00a0\u00bb des travaux de r\u00e9habilitation de ce monument historique, situ\u00e9 au lieu dit <em><strong>\u00ab\u00a0Amane Ahmed Ounasr<\/strong><\/em>\u00a0\u00bb \u00e0 la for\u00eat de B\u00e9ni Meloul dans la commune de Lemsara.<\/p>\n<p>Le si\u00e8ge du commandement de la 1\u00e8re wilaya historique comprend un cimeti\u00e8re de chouhada, une st\u00e8le sur laquelle est grav\u00e9 les noms des chouhada de la bataille Amane Ahmed Ounasr et 10 refuges (casemates) de moudjahidine compos\u00e9s entre autres, d&rsquo;une chambre d\u00e9di\u00e9e aux malades, une\u00a0autre pour l&rsquo;approvisionnement, une cellule pour les commandants de la r\u00e9volution, dont Ali Souai, tombait au champs d&rsquo;honneur avec 97 de ses\u00a0 compagnons lors de la bataille qui a eu lieu sur place le 10 f\u00e9vrier 1961.<\/p>\n<p>\u00a0<\/p>\n<p>\u00a0<\/p>\n<\/div>\n<\/div>\n<p>Auteur:<br \/>\n<a href=\"http:\/\/www.aps.dz\/regions\/88598-khenchela-50-millions-da-pour-la-refection-du-siege-de-la-1ere-wilaya-historique-a-lemsara\">Cliquez ici pour lire l&rsquo;article depuis sa source.<\/a><\/p>\n","protected":false},"excerpt":{"rendered":"<p>KHENCHELA &#8211; Une enveloppe financi\u00e8re de 50 millions de dinars a \u00e9t\u00e9 r\u00e9serv\u00e9e pour la r\u00e9fection du si\u00e8ge du commandement de la 1\u00e8re wilaya historique, situ\u00e9 dans la for\u00eat de B\u00e9ni Meloul, commune de Lemsara (wilaya de Khenchela), a-t-on appris du directeur local des Moudjahidine, Said Cherikhi. La r\u00e9habilitation et la pr\u00e9servation du si\u00e8ge de [&hellip;]<\/p>\n","protected":false},"author":1790,"featured_media":0,"comment_status":"closed","ping_status":"closed","sticky":false,"template":"","format":"standard","meta":{"fifu_image_url":"","fifu_image_alt":"","footnotes":""},"categories":[53,76],"tags":[],"class_list":["post-30210","post","type-post","status-publish","format-standard","hentry","category-algerie","category-regions"],"_links":{"self":[{"href":"https:\/\/linitiative.ca\/International\/wp-json\/wp\/v2\/posts\/30210","targetHints":{"allow":["GET"]}}],"collection":[{"href":"https:\/\/linitiative.ca\/International\/wp-json\/wp\/v2\/posts"}],"about":[{"href":"https:\/\/linitiative.ca\/International\/wp-json\/wp\/v2\/types\/post"}],"author":[{"embeddable":true,"href":"https:\/\/linitiative.ca\/International\/wp-json\/wp\/v2\/users\/1790"}],"replies":[{"embeddable":true,"href":"https:\/\/linitiative.ca\/International\/wp-json\/wp\/v2\/comments?post=30210"}],"version-history":[{"count":0,"href":"https:\/\/linitiative.ca\/International\/wp-json\/wp\/v2\/posts\/30210\/revisions"}],"wp:attachment":[{"href":"https:\/\/linitiative.ca\/International\/wp-json\/wp\/v2\/media?parent=30210"}],"wp:term":[{"taxonomy":"category","embeddable":true,"href":"https:\/\/linitiative.ca\/International\/wp-json\/wp\/v2\/categories?post=30210"},{"taxonomy":"post_tag","embeddable":true,"href":"https:\/\/linitiative.ca\/International\/wp-json\/wp\/v2\/tags?post=30210"}],"curies":[{"name":"wp","href":"https:\/\/api.w.org\/{rel}","templated":true}]}}