{"id":30211,"date":"2019-04-25T10:24:41","date_gmt":"2019-04-25T14:24:41","guid":{"rendered":"https:\/\/linitiative.ca\/International\/ouargla-peine-capitale-pour-homicide-volontaire-avec-premeditation\/"},"modified":"2019-04-25T10:24:41","modified_gmt":"2019-04-25T14:24:41","slug":"ouargla-peine-capitale-pour-homicide-volontaire-avec-premeditation","status":"publish","type":"post","link":"https:\/\/linitiative.ca\/International\/ouargla-peine-capitale-pour-homicide-volontaire-avec-premeditation\/","title":{"rendered":"Ouargla: peine capitale pour homicide volontaire avec pr\u00e9m\u00e9ditation"},"content":{"rendered":"<div>\n<div class=\"K2FeedImage\"><img decoding=\"async\" src=\"http:\/\/www.aps.dz\/media\/k2\/items\/cache\/1e135c1140308bc343672180431c100f_S.jpg\" alt=\"Ouargla: peine capitale pour homicide volontaire avec pr\u00e9m\u00e9ditation\"><\/div>\n<div class=\"K2FeedIntroText\">\n<p><strong>OUARGLA &#8211; Une sentence \u00e0 la peine capitale a \u00e9t\u00e9 prononc\u00e9e jeudi par le tribunal criminel pr\u00e8s la Cour d\u2019Ouargla \u00e0 l\u2019encontre de M-Y.B (25 ans) pour homicide volontaire avec pr\u00e9m\u00e9ditation.<\/strong><\/p>\n<\/div>\n<div class=\"K2FeedFullText\">\n<p>Le mis en cause a \u00e9t\u00e9 \u00e9galement condamn\u00e9 \u00e0 verser une indemnisation de 2 millions DA \u00e0 chacun des parents de la victime (A.H), constitu\u00e9s partie civile.<\/p>\n<p>Dans la m\u00eame affaire, A.B (26 ans) a b\u00e9n\u00e9fici\u00e9 d\u2019un non lieu apr\u00e8s abandon des charges de non d\u00e9nonciation imm\u00e9diate d\u2019un crime.<\/p>\n<p>Selon l\u2019arr\u00eat de renvoi, l\u2019affaire remonte \u00e0 mars 2018 lorsque les services de la gendarmerie nationale ont re\u00e7u un appel t\u00e9l\u00e9phonique signalant l\u2019agression d\u2019un individu (A.H) \u00e0 l\u2019arme blanche.<\/p>\n<hr>\n<h3>Lire aussi:\u00a0<a href=\"http:\/\/www.aps.dz\/algerie\/86732-un-pouvoir-judiciaire-impartial-gage-de-la-securite-et-de-la-stabilite\" target=\"_blank\" rel=\"noopener noreferrer\">Un pouvoir judiciaire impartial, gage de la s\u00e9curit\u00e9 et de la stabilit\u00e9<\/a><\/h3>\n<hr>\n<p>Les investigations ont permis d\u2019identifier l\u2019auteur de l\u2019agression qui, en \u00e9tat d\u2019\u00e9bri\u00e9t\u00e9, a eu une altercation verbale avec la victime \u00e0 Rouissat (Ouargla), avant de lui porter des coups \u00e0 l\u2019arme blanche, dont un \u00e0 la poitrine.<\/p>\n<p>La victime a succomb\u00e9 \u00e0 ses blessures lors de son \u00e9vacuation vers l\u2019\u00e9tablissement public hospitalier EPH-Mohamed Boudiaf par A.B qui n\u2019a alert\u00e9 les services de la gendarmerie que deux heures plus tard.<\/p>\n<p>Le repr\u00e9sentant du minist\u00e8re public a requis dans cette affaire la peine capitale contre M-Y.B (auteur du crime) et cinq (5) ann\u00e9es de prison assortie d\u2019une amende de 100.000 DA \u00e0 l&rsquo;encontre de A.B pour non d\u00e9nonciation imm\u00e9diate de crime.<\/p>\n<\/div>\n<\/div>\n<p>Auteur:<br \/>\n<a href=\"http:\/\/www.aps.dz\/regions\/88606-ouargla-peine-capitale-pour-une-affaire-d-homicide-volontaire-avec-premeditation\">Cliquez ici pour lire l&rsquo;article depuis sa source.<\/a><\/p>\n","protected":false},"excerpt":{"rendered":"<p>OUARGLA &#8211; Une sentence \u00e0 la peine capitale a \u00e9t\u00e9 prononc\u00e9e jeudi par le tribunal criminel pr\u00e8s la Cour d\u2019Ouargla \u00e0 l\u2019encontre de M-Y.B (25 ans) pour homicide volontaire avec pr\u00e9m\u00e9ditation. Le mis en cause a \u00e9t\u00e9 \u00e9galement condamn\u00e9 \u00e0 verser une indemnisation de 2 millions DA \u00e0 chacun des parents de la victime (A.H), [&hellip;]<\/p>\n","protected":false},"author":1790,"featured_media":30212,"comment_status":"closed","ping_status":"closed","sticky":false,"template":"","format":"standard","meta":{"fifu_image_url":"","fifu_image_alt":"","footnotes":""},"categories":[53,76],"tags":[],"class_list":["post-30211","post","type-post","status-publish","format-standard","has-post-thumbnail","hentry","category-algerie","category-regions"],"_links":{"self":[{"href":"https:\/\/linitiative.ca\/International\/wp-json\/wp\/v2\/posts\/30211","targetHints":{"allow":["GET"]}}],"collection":[{"href":"https:\/\/linitiative.ca\/International\/wp-json\/wp\/v2\/posts"}],"about":[{"href":"https:\/\/linitiative.ca\/International\/wp-json\/wp\/v2\/types\/post"}],"author":[{"embeddable":true,"href":"https:\/\/linitiative.ca\/International\/wp-json\/wp\/v2\/users\/1790"}],"replies":[{"embeddable":true,"href":"https:\/\/linitiative.ca\/International\/wp-json\/wp\/v2\/comments?post=30211"}],"version-history":[{"count":0,"href":"https:\/\/linitiative.ca\/International\/wp-json\/wp\/v2\/posts\/30211\/revisions"}],"wp:featuredmedia":[{"embeddable":true,"href":"https:\/\/linitiative.ca\/International\/wp-json\/"}],"wp:attachment":[{"href":"https:\/\/linitiative.ca\/International\/wp-json\/wp\/v2\/media?parent=30211"}],"wp:term":[{"taxonomy":"category","embeddable":true,"href":"https:\/\/linitiative.ca\/International\/wp-json\/wp\/v2\/categories?post=30211"},{"taxonomy":"post_tag","embeddable":true,"href":"https:\/\/linitiative.ca\/International\/wp-json\/wp\/v2\/tags?post=30211"}],"curies":[{"name":"wp","href":"https:\/\/api.w.org\/{rel}","templated":true}]}}