{"id":30223,"date":"2019-04-25T11:30:30","date_gmt":"2019-04-25T15:30:30","guid":{"rendered":"https:\/\/linitiative.ca\/International\/manager-qui-bouge\/"},"modified":"2019-04-25T11:30:30","modified_gmt":"2019-04-25T15:30:30","slug":"manager-qui-bouge","status":"publish","type":"post","link":"https:\/\/linitiative.ca\/International\/manager-qui-bouge\/","title":{"rendered":"Manager qui bouge"},"content":{"rendered":"<p><em><strong>Abdelkerim Sahbeddine int\u00e8gre l\u2019ACAPS<\/strong><\/em><\/p>\n<p>Apr\u00e8s avoir dirig\u00e9 pendant pr\u00e8s de 20 ans la F\u00e9d\u00e9ration marocaine des soci\u00e9t\u00e9s d\u2019assurances et de r\u00e9assurance (FMSAR), Abdelkerim Sahbeddine vient d\u2019int\u00e9grer l\u2019Autorit\u00e9 de contr\u00f4le des assurances et de la pr\u00e9voyance sociale (ACAPS) en tant que directeur de la r\u00e9gulation et de la normalisation des assurances (DNRA). Un poste qui fera appel \u00e0 son professionnalisme et \u00e0 ses comp\u00e9tences reconnues dans le secteur.\u00a0<\/p>\n<p>Auteur: mbasraoui<br \/>\n<a href=\"https:\/\/www.leconomiste.com\/article\/1044208-manager-qui-bouge\">Cliquez ici pour lire l&rsquo;article depuis sa source.<\/a><\/p>\n","protected":false},"excerpt":{"rendered":"<p>Abdelkerim Sahbeddine int\u00e8gre l\u2019ACAPS Apr\u00e8s avoir dirig\u00e9 pendant pr\u00e8s de 20 ans la F\u00e9d\u00e9ration marocaine des soci\u00e9t\u00e9s d\u2019assurances et de r\u00e9assurance (FMSAR), Abdelkerim Sahbeddine vient d\u2019int\u00e9grer l\u2019Autorit\u00e9 de contr\u00f4le des assurances et de la pr\u00e9voyance sociale (ACAPS) en tant que directeur de la r\u00e9gulation et de la normalisation des assurances (DNRA). Un poste qui fera [&hellip;]<\/p>\n","protected":false},"author":1763,"featured_media":0,"comment_status":"closed","ping_status":"closed","sticky":false,"template":"","format":"standard","meta":{"fifu_image_url":"","fifu_image_alt":"","footnotes":""},"categories":[78,54],"tags":[],"class_list":["post-30223","post","type-post","status-publish","format-standard","hentry","category-economie","category-maroc"],"_links":{"self":[{"href":"https:\/\/linitiative.ca\/International\/wp-json\/wp\/v2\/posts\/30223","targetHints":{"allow":["GET"]}}],"collection":[{"href":"https:\/\/linitiative.ca\/International\/wp-json\/wp\/v2\/posts"}],"about":[{"href":"https:\/\/linitiative.ca\/International\/wp-json\/wp\/v2\/types\/post"}],"author":[{"embeddable":true,"href":"https:\/\/linitiative.ca\/International\/wp-json\/wp\/v2\/users\/1763"}],"replies":[{"embeddable":true,"href":"https:\/\/linitiative.ca\/International\/wp-json\/wp\/v2\/comments?post=30223"}],"version-history":[{"count":0,"href":"https:\/\/linitiative.ca\/International\/wp-json\/wp\/v2\/posts\/30223\/revisions"}],"wp:attachment":[{"href":"https:\/\/linitiative.ca\/International\/wp-json\/wp\/v2\/media?parent=30223"}],"wp:term":[{"taxonomy":"category","embeddable":true,"href":"https:\/\/linitiative.ca\/International\/wp-json\/wp\/v2\/categories?post=30223"},{"taxonomy":"post_tag","embeddable":true,"href":"https:\/\/linitiative.ca\/International\/wp-json\/wp\/v2\/tags?post=30223"}],"curies":[{"name":"wp","href":"https:\/\/api.w.org\/{rel}","templated":true}]}}