{"id":30240,"date":"2019-04-25T15:14:19","date_gmt":"2019-04-25T19:14:19","guid":{"rendered":"https:\/\/linitiative.ca\/International\/divers-souleymane-diawara-devant-la-justice\/"},"modified":"2019-04-25T15:14:19","modified_gmt":"2019-04-25T19:14:19","slug":"divers-souleymane-diawara-devant-la-justice","status":"publish","type":"post","link":"https:\/\/linitiative.ca\/International\/divers-souleymane-diawara-devant-la-justice\/","title":{"rendered":"Divers : Souleymane Diawara devant la justice"},"content":{"rendered":"<div readability=\"32\">\n<p>Auteur : <span class=\"time\">jeudi 25 avril 2019 17:00<\/span><\/p>\n<\/div>\n<div id=\"post_core\" readability=\"48\">\n<p>Accus\u00e9 d\u2019avoir commandit\u00e9 une exp\u00e9dition punitive dans les locaux d\u2019un revendeur automobile qui l\u2019avait escroqu\u00e9 en 2015, l\u2019ancien d\u00e9fenseur a d\u00e9j\u00e0 fait un d\u00e9tour par la case prison il y a quatre ans.<\/p>\n<p>Place d\u00e9sormais au proc\u00e8s. Pr\u00e9sum\u00e9 commanditaire de cette descente, le S\u00e9n\u00e9galais sera sur le banc des accus\u00e9s du tribunal correctionnel de Digne-les-Bains ce matin, annoncent Le Parisien et Footmercato. Poursuivi pour \u00ab\u00a0complicit\u00e9 d\u2019extorsion et tentative d\u2019extorsion\u00a0\u00bb, l\u2019homme, d\u00e9sormais \u00e2g\u00e9 de 40 ans, risque gros dans cette affaire qui implique \u00e9galement son fr\u00e8re, Adama Diawara.<\/p>\n<p><strong>Publi\u00e9 dans :<\/strong> <span>Souleymane Diawara<\/span><\/p>\n<\/div>\n<p>Auteur:<br \/>\n<a href=\"http:\/\/www.lebuteur.com\/article\/detail?titre=souleymane-diawara-devant-la-justice&#038;id=88288&#038;utm_source=feedburner&#038;utm_medium=feed&#038;utm_campaign=Feed%3A+GalerieFArtciles+%28Les+derniers+articles++-+lebuteur.com%29\">Cliquez ici pour lire l&rsquo;article depuis sa source.<\/a><\/p>\n","protected":false},"excerpt":{"rendered":"<p>Auteur : jeudi 25 avril 2019 17:00 Accus\u00e9 d\u2019avoir commandit\u00e9 une exp\u00e9dition punitive dans les locaux d\u2019un revendeur automobile qui l\u2019avait escroqu\u00e9 en 2015, l\u2019ancien d\u00e9fenseur a d\u00e9j\u00e0 fait un d\u00e9tour par la case prison il y a quatre ans. Place d\u00e9sormais au proc\u00e8s. Pr\u00e9sum\u00e9 commanditaire de cette descente, le S\u00e9n\u00e9galais sera sur le banc [&hellip;]<\/p>\n","protected":false},"author":1738,"featured_media":30241,"comment_status":"closed","ping_status":"closed","sticky":false,"template":"","format":"standard","meta":{"fifu_image_url":"","fifu_image_alt":"","footnotes":""},"categories":[53,75],"tags":[],"class_list":["post-30240","post","type-post","status-publish","format-standard","has-post-thumbnail","hentry","category-algerie","category-sport"],"_links":{"self":[{"href":"https:\/\/linitiative.ca\/International\/wp-json\/wp\/v2\/posts\/30240","targetHints":{"allow":["GET"]}}],"collection":[{"href":"https:\/\/linitiative.ca\/International\/wp-json\/wp\/v2\/posts"}],"about":[{"href":"https:\/\/linitiative.ca\/International\/wp-json\/wp\/v2\/types\/post"}],"author":[{"embeddable":true,"href":"https:\/\/linitiative.ca\/International\/wp-json\/wp\/v2\/users\/1738"}],"replies":[{"embeddable":true,"href":"https:\/\/linitiative.ca\/International\/wp-json\/wp\/v2\/comments?post=30240"}],"version-history":[{"count":0,"href":"https:\/\/linitiative.ca\/International\/wp-json\/wp\/v2\/posts\/30240\/revisions"}],"wp:featuredmedia":[{"embeddable":true,"href":"https:\/\/linitiative.ca\/International\/wp-json\/"}],"wp:attachment":[{"href":"https:\/\/linitiative.ca\/International\/wp-json\/wp\/v2\/media?parent=30240"}],"wp:term":[{"taxonomy":"category","embeddable":true,"href":"https:\/\/linitiative.ca\/International\/wp-json\/wp\/v2\/categories?post=30240"},{"taxonomy":"post_tag","embeddable":true,"href":"https:\/\/linitiative.ca\/International\/wp-json\/wp\/v2\/tags?post=30240"}],"curies":[{"name":"wp","href":"https:\/\/api.w.org\/{rel}","templated":true}]}}