{"id":30242,"date":"2019-04-25T09:41:26","date_gmt":"2019-04-25T13:41:26","guid":{"rendered":"https:\/\/linitiative.ca\/International\/88595-kempo-mondial-2019-19-athletes-algeriens-en-espagne-pour-une-place-parmi-les-premiers\/"},"modified":"2019-04-25T09:41:26","modified_gmt":"2019-04-25T13:41:26","slug":"88595-kempo-mondial-2019-19-athletes-algeriens-en-espagne-pour-une-place-parmi-les-premiers","status":"publish","type":"post","link":"https:\/\/linitiative.ca\/International\/88595-kempo-mondial-2019-19-athletes-algeriens-en-espagne-pour-une-place-parmi-les-premiers\/","title":{"rendered":"Kempo\/Mondial 2019: l&rsquo;Alg\u00e9rie pour une place parmi les premiers"},"content":{"rendered":"<div>\n<div class=\"K2FeedImage\"><img decoding=\"async\" src=\"http:\/\/www.aps.dz\/media\/k2\/items\/cache\/dcefa0ff0311c01d8e88be9e6e4d64ee_S.jpg\" alt=\"Kempo\/Mondial 2019: l'Alg\u00e9rie pour une place parmi les premiers\"><\/div>\n<div class=\"K2FeedIntroText\">\n<p><strong>ALGER &#8211; L&rsquo;\u00e9quipe nationale de Kempo (seniors) compos\u00e9e de 19 athl\u00e8tes, prendra part \u00e0 la 16e \u00e9dition du Championnat du monde (25-27 avril), en Espagne, avec l&rsquo;objectif de rafler le maximum de m\u00e9dailles et d\u00e9crocher une des premi\u00e8res places au classement g\u00e9n\u00e9ral.<\/strong><\/p>\n<\/div>\n<div class=\"K2FeedFullText\">\n<p>\u00a0\u00bbLa liste des athl\u00e8tes concern\u00e9s par le rendez-vous espagnol est close depuis le premier stage pr\u00e9paratif \u00e0 Souidania. Toutes les conditions \u00e9taient r\u00e9unies pour pr\u00e9parer les athl\u00e8tes physiquement et techniquement. Nous visons le maximum de m\u00e9dailles et prendre une des premi\u00e8res places au classement g\u00e9n\u00e9ral\u00a0\u00bb, a d\u00e9clar\u00e9 \u00e0 l&rsquo;APS, le pr\u00e9sident de la F\u00e9d\u00e9ration alg\u00e9rienne de kempo, Hicham Ouhlima.<\/p>\n<p>Et d&rsquo;enchainer: \u00a0\u00bbLe kempo est un art martial qui jouit d&rsquo;une grande popularit\u00e9 dans le monde. Ce mondial s&rsquo;annonce tr\u00e8s relev\u00e9, du fait de la pr\u00e9sence de concurrents de haut niveau. Pour notre part, nous allons nous donner \u00e0 fond pour atteindre le dernier carr\u00e9. L&rsquo;\u00e9quipe s&rsquo;est bien pr\u00e9par\u00e9e pour relever le d\u00e9fis\u00a0\u00bb.<\/p>\n<hr>\n<h3>Lire aussi:\u00a0<a href=\"http:\/\/www.aps.dz\/sport\/83254-championnat-d-algerie-de-kempo-domination-de-clubs-d-oum-el-bouaghi-et-d-alger\" target=\"_blank\" rel=\"noopener noreferrer\">Championnat d&rsquo;Alg\u00e9rie de kempo : domination de clubs d&rsquo;Oum El-Bouaghi et d&rsquo;Alger<\/a><\/h3>\n<hr>\n<p>En pr\u00e9vision du mondial espagnol, l&rsquo;\u00e9quipe nationale a effectu\u00e9 quatre stages de pr\u00e9paration, en pr\u00e9sence de 19 athl\u00e8tes dont 4 dames.<\/p>\n<p>Quatre entra\u00eeneurs ont \u00e9t\u00e9 d\u00e9sign\u00e9s par la F\u00e9d\u00e9ration alg\u00e9rienne de kempo pour encadrer les athl\u00e8tes au Mondial d&rsquo;Espagne. Il s&rsquo;agit de Rabah Mahtout (Entra\u00eeneur en Chef \/Fighting), Farid Bouhadjar (Entra\u00eeneur adjoint), Mohamed Amine Moukaf (Entra\u00eeneur \/Dames), Reda Maazouz (Kata), outre le m\u00e9decin f\u00e9d\u00e9ral Mohamed Defairi.<\/p>\n<p>Lors de l&rsquo;\u00e9dition 2016 disput\u00e9e en Roumanie en pr\u00e9sence de 48 pays, les Alg\u00e9riens&rsquo; avaient obtenu la 2e place devanc\u00e9s par le pays h\u00f4te, tandis que la 3e place est revenue aux Pays-Bas.<\/p>\n<p>\u00a0<\/p>\n<p><strong>Les athl\u00e8tes des alg\u00e9riens engag\u00e9s:<\/strong><\/p>\n<p><strong>Messieurs:<\/strong><\/p>\n<p>Younes Zaouali (Kata + Self d\u00e9fense), Ibrahim Bana\u00efdji (Kata + Self d\u00e9fense), Mohamed Azibi (-65 kg\/Fighting), Sabegh islam (-70 kg), Mohamed Nadjib Ta\u00efbi (-70 kg), Nadir Na\u00e2mane (-75 kg\/Fighting), Hamza Mahlane (-80 kg), Mohamed Boudar (-80 kg\/Fighting), Fay\u00e7al Chennah (-90 kg\/Fighting), Mustapha Bouchareb (-95 kg\/Fighting), Ahmed Cherriki (-95 kg), Khaled Bouaziz (+95 kg\/Fighting), Sa\u00eed Allali (-60kg\/Fighting), Abdelhak Abrous (Kata + Self d\u00e9fense) et Brahim Touati (Kata + Self d\u00e9fense).<\/p>\n<p>\u00a0<\/p>\n<p><strong>Dames:<\/strong><\/p>\n<p>Malak Dey Taouba (-55 kg), Yasmine Keffane (-60 kg\/Kata + Fighting), Kenza Iftini (+65 kg\/Kata + Fighting) et Manel Boulassel (+65 kg).<\/p>\n<\/div>\n<p><img loading=\"lazy\" decoding=\"async\" src=\"http:\/\/feeds.feedburner.com\/~r\/aps-sport\/~4\/JH6sciOFVcY\" height=\"1\" width=\"1\" alt=\"\"><\/div>\n<p>Auteur:<br \/>\n<a href=\"http:\/\/www.aps.dz\/sport\/88595-kempo-mondial-2019-19-athletes-algeriens-en-espagne-pour-une-place-parmi-les-premiers?utm_source=feedburner&#038;utm_medium=feed&#038;utm_campaign=Feed%3A+aps-sport+%28APS+-+SPORT%29\">Cliquez ici pour lire l&rsquo;article depuis sa source.<\/a><\/p>\n","protected":false},"excerpt":{"rendered":"<p>ALGER &#8211; L&rsquo;\u00e9quipe nationale de Kempo (seniors) compos\u00e9e de 19 athl\u00e8tes, prendra part \u00e0 la 16e \u00e9dition du Championnat du monde (25-27 avril), en Espagne, avec l&rsquo;objectif de rafler le maximum de m\u00e9dailles et d\u00e9crocher une des premi\u00e8res places au classement g\u00e9n\u00e9ral. \u00a0\u00bbLa liste des athl\u00e8tes concern\u00e9s par le rendez-vous espagnol est close depuis le [&hellip;]<\/p>\n","protected":false},"author":1790,"featured_media":30243,"comment_status":"closed","ping_status":"closed","sticky":false,"template":"","format":"standard","meta":{"fifu_image_url":"","fifu_image_alt":"","footnotes":""},"categories":[53,75],"tags":[],"class_list":["post-30242","post","type-post","status-publish","format-standard","has-post-thumbnail","hentry","category-algerie","category-sport"],"_links":{"self":[{"href":"https:\/\/linitiative.ca\/International\/wp-json\/wp\/v2\/posts\/30242","targetHints":{"allow":["GET"]}}],"collection":[{"href":"https:\/\/linitiative.ca\/International\/wp-json\/wp\/v2\/posts"}],"about":[{"href":"https:\/\/linitiative.ca\/International\/wp-json\/wp\/v2\/types\/post"}],"author":[{"embeddable":true,"href":"https:\/\/linitiative.ca\/International\/wp-json\/wp\/v2\/users\/1790"}],"replies":[{"embeddable":true,"href":"https:\/\/linitiative.ca\/International\/wp-json\/wp\/v2\/comments?post=30242"}],"version-history":[{"count":0,"href":"https:\/\/linitiative.ca\/International\/wp-json\/wp\/v2\/posts\/30242\/revisions"}],"wp:featuredmedia":[{"embeddable":true,"href":"https:\/\/linitiative.ca\/International\/wp-json\/"}],"wp:attachment":[{"href":"https:\/\/linitiative.ca\/International\/wp-json\/wp\/v2\/media?parent=30242"}],"wp:term":[{"taxonomy":"category","embeddable":true,"href":"https:\/\/linitiative.ca\/International\/wp-json\/wp\/v2\/categories?post=30242"},{"taxonomy":"post_tag","embeddable":true,"href":"https:\/\/linitiative.ca\/International\/wp-json\/wp\/v2\/tags?post=30242"}],"curies":[{"name":"wp","href":"https:\/\/api.w.org\/{rel}","templated":true}]}}