{"id":30244,"date":"2019-04-25T09:55:17","date_gmt":"2019-04-25T13:55:17","guid":{"rendered":"https:\/\/linitiative.ca\/International\/88601-can-2019-u23-eliminatoires-la-selection-algerienne-en-stage-a-sidi-moussa\/"},"modified":"2019-04-25T09:55:17","modified_gmt":"2019-04-25T13:55:17","slug":"88601-can-2019-u23-eliminatoires-la-selection-algerienne-en-stage-a-sidi-moussa","status":"publish","type":"post","link":"https:\/\/linitiative.ca\/International\/88601-can-2019-u23-eliminatoires-la-selection-algerienne-en-stage-a-sidi-moussa\/","title":{"rendered":"\u00a0CAN-2019 U23 \/ Eliminatoires: la s\u00e9lection alg\u00e9rienne en stage \u00e0 Sidi Moussa"},"content":{"rendered":"<div>\n<div class=\"K2FeedImage\"><img decoding=\"async\" src=\"http:\/\/www.aps.dz\/media\/k2\/items\/cache\/1fe6e3461fcd31fe4dc7a2a0d1f281f5_S.jpg\" alt=\"\u00a0CAN-2019 U23 \/ Eliminatoires: la s\u00e9lection alg\u00e9rienne en stage \u00e0 Sidi Moussa\"><\/div>\n<div class=\"K2FeedIntroText\">\n<p><strong>ALGER- La s\u00e9lection alg\u00e9rienne des moins de 23 ans (U23) effectuera un stage de pr\u00e9paration du 27 avril au 1er mai au Centre technique national de Sidi Moussa (Alger) en pr\u00e9vision des prochaines\u00a0\u00e9ch\u00e9ances officielles, a indiqu\u00e9 la F\u00e9d\u00e9ration alg\u00e9rienne de football (FAF).<\/strong><\/p>\n<\/div>\n<div class=\"K2FeedFullText\">\n<p>Le s\u00e9lectionneur national des U23, Ludovic Batelli, a \u00e9tabli une liste de 22 joueurs pour prendre part \u00e0 ce regroupement.<\/p>\n<p>Les joueurs concern\u00e9s par les comp\u00e9titions du 27 et 28 avril avec leurs clubs respectifs sont autoris\u00e9s \u00e0 y prendre part et \u00e0 rejoindre dans la soir\u00e9e le lieu de regroupement, souligne l&rsquo;instance f\u00e9d\u00e9rale sur son site officiel.<\/p>\n<p>Les partenaires de Boudaoui pr\u00e9parent la double confrontation de juin contre la redoutable \u00e9quipe du Ghana, comptant pour le 3e et dernier tour des \u00e9liminatoires de la Coupe d&rsquo;Afrique des nations CAN-2019 de la\u00a0cat\u00e9gorie, qualificative aux Jeux Olympiques Tokyo-2020.<\/p>\n<p>La manche aller entre Ghan\u00e9ens et Alg\u00e9riens se jouera le 5 juin \u00e0 Accra et le match retour aura lieu le 9 juin en Alg\u00e9rie.<\/p>\n<p>L&rsquo;Alg\u00e9rie s&rsquo;est qualifi\u00e9e au 3e et dernier tour en dominant la Guin\u00e9e Equatoriale (0-0, 3-1) tandis que le Ghana a surclass\u00e9 le Gabon (4-0, 0-0).<\/p>\n<p>La phase finale de la Coupe d&rsquo;Afrique des nations des U-23 aura lieu en Egypte du 8 au 22 novembre avec la participation de 8 pays. Les trois premiers se qualifieront pour le tournoi des Jeux Olympiques Tokyo-2020.<\/p>\n<p>Liste des 22 convoqu\u00e9s: Sifour Abdelmoumen (USM Alger), Daas Sa\u00efd (MC Alger), Gatal Oussama (USM Blida), Ben Maarouf Farouk (ASO), Mouali Hamza (Paradou AC), Khacef Naoufel (NA Husse\u00efn-dey), Adoune Tarek (US biskra), Azzi Imad-Eddine (NA Huse\u00efn-dey), Haddad Mouad (JSM Skikda), Tougai Mohamed (NA Husse\u00efn-dey), Farhi Brahim (JS Saoura), Douar Youcef (Paradou AC),Belarbi Kamel (USM Alger), Hamra Abderrahim (USM Alger), Boudaoui Hichem (Paradou AC), Benhamouda Billel (USM Alger), Boumechra Mohamed R\u00e9da(USM El Harrach), Kaibou Abdelkader (ASO Chlef), Saadi Isma\u00efl (WA Tlemcen), Messaoudi Billel (WA Tlemcen), Benchaa Zakaria (USM Alger), Kadour Cherif Chaker (ASO Chlef).<\/p>\n<p>\u00a0<\/p>\n<p>\u00a0<\/p>\n<\/div>\n<p><img loading=\"lazy\" decoding=\"async\" src=\"http:\/\/feeds.feedburner.com\/~r\/aps-sport\/~4\/I2bfnfnMJjo\" height=\"1\" width=\"1\" alt=\"\"><\/div>\n<p>Auteur:<br \/>\n<a href=\"http:\/\/www.aps.dz\/sport\/88601-can-2019-u23-eliminatoires-la-selection-algerienne-en-stage-a-sidi-moussa?utm_source=feedburner&#038;utm_medium=feed&#038;utm_campaign=Feed%3A+aps-sport+%28APS+-+SPORT%29\">Cliquez ici pour lire l&rsquo;article depuis sa source.<\/a><\/p>\n","protected":false},"excerpt":{"rendered":"<p>ALGER- La s\u00e9lection alg\u00e9rienne des moins de 23 ans (U23) effectuera un stage de pr\u00e9paration du 27 avril au 1er mai au Centre technique national de Sidi Moussa (Alger) en pr\u00e9vision des prochaines\u00a0\u00e9ch\u00e9ances officielles, a indiqu\u00e9 la F\u00e9d\u00e9ration alg\u00e9rienne de football (FAF). Le s\u00e9lectionneur national des U23, Ludovic Batelli, a \u00e9tabli une liste de 22 [&hellip;]<\/p>\n","protected":false},"author":1790,"featured_media":30245,"comment_status":"closed","ping_status":"closed","sticky":false,"template":"","format":"standard","meta":{"fifu_image_url":"","fifu_image_alt":"","footnotes":""},"categories":[53,75],"tags":[],"class_list":["post-30244","post","type-post","status-publish","format-standard","has-post-thumbnail","hentry","category-algerie","category-sport"],"_links":{"self":[{"href":"https:\/\/linitiative.ca\/International\/wp-json\/wp\/v2\/posts\/30244","targetHints":{"allow":["GET"]}}],"collection":[{"href":"https:\/\/linitiative.ca\/International\/wp-json\/wp\/v2\/posts"}],"about":[{"href":"https:\/\/linitiative.ca\/International\/wp-json\/wp\/v2\/types\/post"}],"author":[{"embeddable":true,"href":"https:\/\/linitiative.ca\/International\/wp-json\/wp\/v2\/users\/1790"}],"replies":[{"embeddable":true,"href":"https:\/\/linitiative.ca\/International\/wp-json\/wp\/v2\/comments?post=30244"}],"version-history":[{"count":0,"href":"https:\/\/linitiative.ca\/International\/wp-json\/wp\/v2\/posts\/30244\/revisions"}],"wp:featuredmedia":[{"embeddable":true,"href":"https:\/\/linitiative.ca\/International\/wp-json\/"}],"wp:attachment":[{"href":"https:\/\/linitiative.ca\/International\/wp-json\/wp\/v2\/media?parent=30244"}],"wp:term":[{"taxonomy":"category","embeddable":true,"href":"https:\/\/linitiative.ca\/International\/wp-json\/wp\/v2\/categories?post=30244"},{"taxonomy":"post_tag","embeddable":true,"href":"https:\/\/linitiative.ca\/International\/wp-json\/wp\/v2\/tags?post=30244"}],"curies":[{"name":"wp","href":"https:\/\/api.w.org\/{rel}","templated":true}]}}