{"id":30262,"date":"2019-04-25T05:20:15","date_gmt":"2019-04-25T09:20:15","guid":{"rendered":"https:\/\/linitiative.ca\/International\/mustapha-bouchachi-a-tizi-ouzou-la-priorite-cest-le-depart-du-systeme\/"},"modified":"2019-04-25T05:20:15","modified_gmt":"2019-04-25T09:20:15","slug":"mustapha-bouchachi-a-tizi-ouzou-la-priorite-cest-le-depart-du-systeme","status":"publish","type":"post","link":"https:\/\/linitiative.ca\/International\/mustapha-bouchachi-a-tizi-ouzou-la-priorite-cest-le-depart-du-systeme\/","title":{"rendered":"Mustapha Bouchachi \u00e0 Tizi Ouzou : \u00abLa priorit\u00e9, c\u2019est le d\u00e9part du syst\u00e8me\u00bb"},"content":{"rendered":"<h4 class=\"title-14\"\/>\n<div class=\"featured_image\"><img width=\"822\" height=\"562\" data-cfsrc=\"https:\/\/www.elwatan.com\/wp-content\/uploads\/2019\/04\/Mustapha-Bouchachi-hier-\u00e0-Tizi-Ouzou-e1556156749642.jpg\" class=\"attachment-post-thumbnail size-post-thumbnail wp-post-image c1\" alt=\"\"\/><noscript><\/p>\n<p><img loading=\"lazy\" decoding=\"async\" width=\"822\" height=\"562\" src=\"https:\/\/www.elwatan.com\/wp-content\/uploads\/2019\/04\/Mustapha-Bouchachi-hier-%C3%A0-Tizi-Ouzou-e1556156749642.jpg\" class=\"attachment-post-thumbnail size-post-thumbnail wp-post-image\" alt=\"\"\/><\/p>\n<p><\/noscript> <span class=\"featured-image-caption\">L&rsquo;avocat et militant des droits de l&rsquo;homme, Me Bouchachi, hier \u00e0 Tizi Ouzou<\/span><\/div>\n<p>Les Alg\u00e9riens refusent la continuit\u00e9 du syst\u00e8me qui a programm\u00e9 la destruction du pays, notamment, depuis 20 ans\u00bb, a martel\u00e9, d\u2019embl\u00e9e, hier, l\u2019avocat et militant des droits de l\u2019homme, Me Mustapha Bouchachi, lors d\u2019une conf\u00e9rence anim\u00e9e \u00e0 l\u2019auditorium du campus de Hasnaoua.<\/p>\n<p>Il est intervenu dans le cadre des rencontres \u00abLes d\u00e9bats de l\u2019UMMTO\u00bb qu\u2019organisent les enseignants, \u00e9tudiants et personnel ATS de l\u2019universit\u00e9 Mouloud Mammeri de Tizi Ouzou. \u00abIl ne peut pas y avoir de solution \u00e0 la crise dans la Constitution, car la violation de cette derni\u00e8re a commenc\u00e9 en 2008. La Constitution ne peut pas permettre \u00e0 un candidat d\u2019annuler les \u00e9lections.<\/p>\n<p>La solution doit \u00eatre politique\u00bb, a-t-il insist\u00e9 avant de plaider pour la mise en place d\u2019une pr\u00e9sidence coll\u00e9giale, \u00e0 condition que les membres de celle-ci ne font pas partie de ceux qui \u00e9taient avec le r\u00e9gime.<\/p>\n<p>La d\u00e9signation d\u2019un gouvernement d\u2019union nationale en concertation avec les partis politiques et la soci\u00e9t\u00e9 civile est \u00e9galement parmi les propositions de l\u2019orateur. \u00abIl faut faire la diff\u00e9rence entre la transition d\u00e9mocratique et l\u2019ouverture politique, car cette derni\u00e8re est assur\u00e9e par le syst\u00e8me\u00bb, a-t-il insist\u00e9, tout en mettant l\u2019accent sur la cr\u00e9ation d\u2019une commission ind\u00e9pendante pour la pr\u00e9paration des \u00e9lections. \u00abLa pr\u00e9paration des \u00e9lections n\u00e9cessite beaucoup de temps.<\/p>\n<p>Ceux qui veulent aller aux \u00e9lections dans peu de temps veulent la continuit\u00e9 du syst\u00e8me\u00bb, a-t-il analys\u00e9. Le conf\u00e9rencier a, en outre, soulign\u00e9 que depuis le 22 f\u00e9vrier dernier, le mur de la peur est bris\u00e9 gr\u00e2ce au mouvement. \u00abLe peuple est en train d\u2019\u00e9crire son histoire\u00bb, a-t-il ajout\u00e9.<\/p>\n<p>Par ailleurs, concernant l\u2019arrestation des hommes d\u2019affaires et leur mise sous mandat de d\u00e9p\u00f4t, l\u2019invit\u00e9 des \u00abD\u00e9bats de l\u2019UMMTO\u00bb a pr\u00e9cis\u00e9 qu\u2019avant de \u00abjuger des hommes d\u2019affaires, il faut d\u2019abord s\u2019attaquer \u00e0 ceux qui sont \u00e0 l\u2019origine de la corruption.<\/p>\n<p>Nous sommes pour les poursuites judiciaires \u00e0 l\u2019encontre de ceux qui ont dilapid\u00e9 les richesses du pays, mais nous sommes aussi contre une justice revancharde. La priorit\u00e9 des revendications du mouvement populaire, c\u2019est le d\u00e9part du syst\u00e8me. On doit juste prendre des mesures pour \u00e9viter la fuite des richesses du peuple vers l\u2019ext\u00e9rieur.\u00bb<\/p>\n<div class=\"yuzo_related_post style-1\" data-version=\"5.12.88\">\n<p><h3>Related Post<\/h3>\n<\/p>\n<div class=\"yuzo_wraps\">\n<div class=\"relatedthumb relatedpost-557256 c11\"><a href=\"https:\/\/www.elwatan.com\/edition\/actualite\/le-fln-bat-le-rappel-de-ses-troupes-09-02-2019\"\/><\/p>\n<p><span class=\"yuzo__text--title c10\">Le FLN bat le rappel de ses troupes<\/span><\/div>\n<div class=\"relatedthumb relatedpost-570433 c11\"><a href=\"https:\/\/www.elwatan.com\/regions\/kabylie\/boumerdes\/delegation-de-service-public-a-boumerdes-les-collectivites-locales-attendent-les-cahiers-des-charges-17-04-2019\"\/><\/p>\n<p><span class=\"yuzo__text--title c10\">D\u00e9l\u00e9gation de service public \u00e0 Boumerd\u00e8s : Les col&#8230;<\/span><\/div>\n<div class=\"relatedthumb relatedpost-566821 c11\"><a href=\"https:\/\/www.elwatan.com\/edition\/actualite\/impressionnant-rassemblement-a-mostaganem-30-03-2019\"\/><\/p>\n<p><span class=\"yuzo__text--title c10\">Impressionnant rassemblement \u00e0 Mostaganem<\/span><\/div>\n<div class=\"relatedthumb relatedpost-471767 c11\"><a href=\"https:\/\/www.elwatan.com\/regions\/sud\/actu-sud\/ghardaia-le-marche-hebdomadaire-dans-la-boue-et-la-gadoue-2-26-11-2014\"\/><\/p>\n<p><span class=\"yuzo__text--title c10\">Gharda\u00efa : Le march\u00e9 hebdomadaire dans la boue et &#8230;<\/span><\/div>\n<\/div>\n<\/div>\n<p><span class=\"post-views-label\">Post Views:<\/span> <span class=\"post-views-count\">1\u00a0523<\/span><\/p>\n<p>Auteur: Hicham Chouadria<br \/>\n<a href=\"https:\/\/www.elwatan.com\/edition\/actualite\/mustapha-bouchachi-a-tizi-ouzou-la-priorite-cest-le-depart-du-systeme-25-04-2019\">Cliquez ici pour lire l&rsquo;article depuis sa source.<\/a><\/p>\n","protected":false},"excerpt":{"rendered":"<p>L&rsquo;avocat et militant des droits de l&rsquo;homme, Me Bouchachi, hier \u00e0 Tizi Ouzou Les Alg\u00e9riens refusent la continuit\u00e9 du syst\u00e8me qui a programm\u00e9 la destruction du pays, notamment, depuis 20 ans\u00bb, a martel\u00e9, d\u2019embl\u00e9e, hier, l\u2019avocat et militant des droits de l\u2019homme, Me Mustapha Bouchachi, lors d\u2019une conf\u00e9rence anim\u00e9e \u00e0 l\u2019auditorium du campus de Hasnaoua. [&hellip;]<\/p>\n","protected":false},"author":1743,"featured_media":30263,"comment_status":"closed","ping_status":"closed","sticky":false,"template":"","format":"standard","meta":{"fifu_image_url":"","fifu_image_alt":"","footnotes":""},"categories":[73,53],"tags":[],"class_list":["post-30262","post","type-post","status-publish","format-standard","has-post-thumbnail","hentry","category-actualite","category-algerie"],"_links":{"self":[{"href":"https:\/\/linitiative.ca\/International\/wp-json\/wp\/v2\/posts\/30262","targetHints":{"allow":["GET"]}}],"collection":[{"href":"https:\/\/linitiative.ca\/International\/wp-json\/wp\/v2\/posts"}],"about":[{"href":"https:\/\/linitiative.ca\/International\/wp-json\/wp\/v2\/types\/post"}],"author":[{"embeddable":true,"href":"https:\/\/linitiative.ca\/International\/wp-json\/wp\/v2\/users\/1743"}],"replies":[{"embeddable":true,"href":"https:\/\/linitiative.ca\/International\/wp-json\/wp\/v2\/comments?post=30262"}],"version-history":[{"count":0,"href":"https:\/\/linitiative.ca\/International\/wp-json\/wp\/v2\/posts\/30262\/revisions"}],"wp:featuredmedia":[{"embeddable":true,"href":"https:\/\/linitiative.ca\/International\/wp-json\/"}],"wp:attachment":[{"href":"https:\/\/linitiative.ca\/International\/wp-json\/wp\/v2\/media?parent=30262"}],"wp:term":[{"taxonomy":"category","embeddable":true,"href":"https:\/\/linitiative.ca\/International\/wp-json\/wp\/v2\/categories?post=30262"},{"taxonomy":"post_tag","embeddable":true,"href":"https:\/\/linitiative.ca\/International\/wp-json\/wp\/v2\/tags?post=30262"}],"curies":[{"name":"wp","href":"https:\/\/api.w.org\/{rel}","templated":true}]}}