{"id":30279,"date":"2019-04-25T16:06:00","date_gmt":"2019-04-25T20:06:00","guid":{"rendered":"https:\/\/linitiative.ca\/International\/la-fermeture-de-nessma-deux-poids-deux-mesures\/"},"modified":"2019-04-25T16:06:00","modified_gmt":"2019-04-25T20:06:00","slug":"la-fermeture-de-nessma-deux-poids-deux-mesures","status":"publish","type":"post","link":"https:\/\/linitiative.ca\/International\/la-fermeture-de-nessma-deux-poids-deux-mesures\/","title":{"rendered":"La fermeture de Nessma : deux poids, deux mesures"},"content":{"rendered":"<p><img loading=\"lazy\" decoding=\"async\" src=\"\/uploads\/FCK_files\/Nouri-Lajmi-25-04-19(1).jpg\" alt=\"\" width=\"147\" vspace=\"5\" hspace=\"5\" height=\"173\" align=\"left\"\/>La Haica a fait saisir ce jeudi les \u00e9quipements de diffusion de la cha\u00eene Nessma par la force publique. Selon le pr\u00e9sident de la Haute Instance, \u00abcette d\u00e9cision a \u00e9t\u00e9 prise apr\u00e8s que tous les recours possibles aient \u00e9t\u00e9 \u00e9puis\u00e9s ajoutant que nul n\u2019est au dessous de la loi\u00bb.<\/p>\n<p>Quant au propri\u00e9taire de cha\u00eene Nabil Karoui, il a accus\u00e9 le gouvernement d&rsquo;\u00eatre derri\u00e8re la d\u00e9cision de la Haica : \u00abCelle-ci\u00a0 n\u2019est qu\u2019une couverture. On veut fermer toutes les cha\u00eenes de t\u00e9l\u00e9vision qui sont oppos\u00e9es \u00e0 Tahya Toun\u00e8s\u00bb.<\/p>\n<p>Interrog\u00e9 par Mosa\u00efquefm, le coordinateur g\u00e9n\u00e9ral de ce parti, S\u00e9lim Azzabi a ni\u00e9 toute implication de son parti\u00a0 dans cette affaire, pr\u00e9cisant que Tahia Toun\u00e8s \u00e9tait en pourpalers tr\u00e8s avanc\u00e9s avec Nessma pour assurer la retransmission du congr\u00e8s du parti qui se tiendra dimanche \u00e0 Rad\u00e8s.<\/p>\n<p class=\"c2\"><img loading=\"lazy\" decoding=\"async\" src=\"\/uploads\/FCK_files\/IMG9956.jpg\" class=\"responsive_img\" width=\"700\" vspace=\"5\" hspace=\"5\" height=\"467\" align=\"middle\" alt=\"\"\/><\/p>\n<p>A noter que la cha\u00eene Zitouna se trouve dans le m\u00eame cas et pourtant elle n&rsquo;a pas connu le m\u00eame sort. Le pr\u00e9sident de la Haute Instance en convient, mais reconna\u00eet qu&rsquo;un \u00abappui politique\u00bb de la cha\u00eene n&rsquo;a pas permis d&rsquo;appliquer la loi.<\/p>\n<p>Auteur:<br \/>\n<a href=\"https:\/\/www.leaders.com.tn\/article\/26975-la-fermeture-de-nessma-deux-poids-deux-mesures\">Cliquez ici pour lire l&rsquo;article depuis sa source.<\/a><\/p>\n","protected":false},"excerpt":{"rendered":"<p>La Haica a fait saisir ce jeudi les \u00e9quipements de diffusion de la cha\u00eene Nessma par la force publique. Selon le pr\u00e9sident de la Haute Instance, \u00abcette d\u00e9cision a \u00e9t\u00e9 prise apr\u00e8s que tous les recours possibles aient \u00e9t\u00e9 \u00e9puis\u00e9s ajoutant que nul n\u2019est au dessous de la loi\u00bb. Quant au propri\u00e9taire de cha\u00eene Nabil [&hellip;]<\/p>\n","protected":false},"author":1772,"featured_media":30280,"comment_status":"closed","ping_status":"closed","sticky":false,"template":"","format":"standard","meta":{"fifu_image_url":"","fifu_image_alt":"","footnotes":""},"categories":[73,55],"tags":[],"class_list":["post-30279","post","type-post","status-publish","format-standard","has-post-thumbnail","hentry","category-actualite","category-tunisie"],"_links":{"self":[{"href":"https:\/\/linitiative.ca\/International\/wp-json\/wp\/v2\/posts\/30279","targetHints":{"allow":["GET"]}}],"collection":[{"href":"https:\/\/linitiative.ca\/International\/wp-json\/wp\/v2\/posts"}],"about":[{"href":"https:\/\/linitiative.ca\/International\/wp-json\/wp\/v2\/types\/post"}],"author":[{"embeddable":true,"href":"https:\/\/linitiative.ca\/International\/wp-json\/wp\/v2\/users\/1772"}],"replies":[{"embeddable":true,"href":"https:\/\/linitiative.ca\/International\/wp-json\/wp\/v2\/comments?post=30279"}],"version-history":[{"count":0,"href":"https:\/\/linitiative.ca\/International\/wp-json\/wp\/v2\/posts\/30279\/revisions"}],"wp:featuredmedia":[{"embeddable":true,"href":"https:\/\/linitiative.ca\/International\/wp-json\/"}],"wp:attachment":[{"href":"https:\/\/linitiative.ca\/International\/wp-json\/wp\/v2\/media?parent=30279"}],"wp:term":[{"taxonomy":"category","embeddable":true,"href":"https:\/\/linitiative.ca\/International\/wp-json\/wp\/v2\/categories?post=30279"},{"taxonomy":"post_tag","embeddable":true,"href":"https:\/\/linitiative.ca\/International\/wp-json\/wp\/v2\/tags?post=30279"}],"curies":[{"name":"wp","href":"https:\/\/api.w.org\/{rel}","templated":true}]}}