{"id":30281,"date":"2019-04-25T16:39:00","date_gmt":"2019-04-25T20:39:00","guid":{"rendered":"https:\/\/linitiative.ca\/International\/pr-mohamed-douagi-la-mort-des-nourrissons-de-la-rabta-due-a-une-bacterie\/"},"modified":"2019-04-25T16:39:00","modified_gmt":"2019-04-25T20:39:00","slug":"pr-mohamed-douagi-la-mort-des-nourrissons-de-la-rabta-due-a-une-bacterie","status":"publish","type":"post","link":"https:\/\/linitiative.ca\/International\/pr-mohamed-douagi-la-mort-des-nourrissons-de-la-rabta-due-a-une-bacterie\/","title":{"rendered":"Pr Mohamed Douagi : la mort des nourrissons de la Rabta due  \u00e0 une bact\u00e9rie"},"content":{"rendered":"<p>Mohamed Douagi\u00a0 pr\u00e9sident de la commission d\u2019enqu\u00eate sur le d\u00e9c\u00e8s des nouveau-n\u00e9s \u00e0 l\u2019h\u00f4pital Rabta \u00e0 Tunis a r\u00e9v\u00e9l\u00e9 jeudi dans une conf\u00e9rence presse qu&rsquo;une infection bact\u00e9rienne d&rsquo;origine externe pass\u00e9e dans les pr\u00e9parations alimentaires parent\u00e9rales est \u00e0 l&rsquo;origine de la mort des nourrissons. Le Pr Douagi a not\u00e9 que la commission n\u2019a pas r\u00e9ussi \u00e0 d\u00e9terminer la provenance de cette bact\u00e9rie.<br \/>Il a pr\u00e9cis\u00e9 que plusieurs membres du personnel de l\u2019h\u00f4pital ont pass\u00e9 les examens m\u00e9dicaux n\u00e9cessaires \u00e0 l\u2019exception de certaines parties.<\/p>\n<p>Auteur:<br \/>\n<a href=\"https:\/\/www.leaders.com.tn\/article\/26976-pr-mohamed-douagi-la-mort-des-nourrissons-de-la-rabta-due-a-une-bacterie\">Cliquez ici pour lire l&rsquo;article depuis sa source.<\/a><\/p>\n","protected":false},"excerpt":{"rendered":"<p>Mohamed Douagi\u00a0 pr\u00e9sident de la commission d\u2019enqu\u00eate sur le d\u00e9c\u00e8s des nouveau-n\u00e9s \u00e0 l\u2019h\u00f4pital Rabta \u00e0 Tunis a r\u00e9v\u00e9l\u00e9 jeudi dans une conf\u00e9rence presse qu&rsquo;une infection bact\u00e9rienne d&rsquo;origine externe pass\u00e9e dans les pr\u00e9parations alimentaires parent\u00e9rales est \u00e0 l&rsquo;origine de la mort des nourrissons. Le Pr Douagi a not\u00e9 que la commission n\u2019a pas r\u00e9ussi \u00e0 [&hellip;]<\/p>\n","protected":false},"author":1772,"featured_media":0,"comment_status":"closed","ping_status":"closed","sticky":false,"template":"","format":"standard","meta":{"fifu_image_url":"","fifu_image_alt":"","footnotes":""},"categories":[73,55],"tags":[],"class_list":["post-30281","post","type-post","status-publish","format-standard","hentry","category-actualite","category-tunisie"],"_links":{"self":[{"href":"https:\/\/linitiative.ca\/International\/wp-json\/wp\/v2\/posts\/30281","targetHints":{"allow":["GET"]}}],"collection":[{"href":"https:\/\/linitiative.ca\/International\/wp-json\/wp\/v2\/posts"}],"about":[{"href":"https:\/\/linitiative.ca\/International\/wp-json\/wp\/v2\/types\/post"}],"author":[{"embeddable":true,"href":"https:\/\/linitiative.ca\/International\/wp-json\/wp\/v2\/users\/1772"}],"replies":[{"embeddable":true,"href":"https:\/\/linitiative.ca\/International\/wp-json\/wp\/v2\/comments?post=30281"}],"version-history":[{"count":0,"href":"https:\/\/linitiative.ca\/International\/wp-json\/wp\/v2\/posts\/30281\/revisions"}],"wp:attachment":[{"href":"https:\/\/linitiative.ca\/International\/wp-json\/wp\/v2\/media?parent=30281"}],"wp:term":[{"taxonomy":"category","embeddable":true,"href":"https:\/\/linitiative.ca\/International\/wp-json\/wp\/v2\/categories?post=30281"},{"taxonomy":"post_tag","embeddable":true,"href":"https:\/\/linitiative.ca\/International\/wp-json\/wp\/v2\/tags?post=30281"}],"curies":[{"name":"wp","href":"https:\/\/api.w.org\/{rel}","templated":true}]}}