{"id":30285,"date":"2019-04-25T06:00:00","date_gmt":"2019-04-25T10:00:00","guid":{"rendered":"https:\/\/linitiative.ca\/International\/la-justice-oui-le-lynchage-lala\/"},"modified":"2019-04-25T06:00:00","modified_gmt":"2019-04-25T10:00:00","slug":"la-justice-oui-le-lynchage-lala","status":"publish","type":"post","link":"https:\/\/linitiative.ca\/International\/la-justice-oui-le-lynchage-lala\/","title":{"rendered":"La justice, oui ! Le lynchage, lala !"},"content":{"rendered":"<p class=\"c3\">Urgent ! Breaking-news ! Derni\u00e8re minute ! Arriv\u00e9e \u00e0 la t\u00eate du nouveau p\u00f4le anti -corruption de\u2026<\/p>\n<p class=\"c3\"><em><strong>\u2026 B. Tliba !\u00a0<\/strong><\/em><\/p>\n<p class=\"c3\">\u00c7a prend des allures de t\u00e9l\u00e9r\u00e9alit\u00e9 ! On nous invite jusqu\u2019\u00e0 la naus\u00e9e aux portails des tribunaux. Qui muni de son mobile. Qui de sa grosse cam\u00e9ra. Les seconds provoquant en moi une profonde naus\u00e9e de ce qu\u2019est devenue cette profession que j\u2019ai \u00e9pous\u00e9e en 1985 ! Non ! Je ne me suis pas pr\u00e9sent\u00e9 tremblant, \u00e0 l\u2019embauche devant un Ma\u00e2mar Farah bienveillant, accueillant, mais lisant hyperattentivement ma premi\u00e8re copie avant diffusion pour voir ce m\u00e9tier qui m\u2019a passionn\u00e9 aupr\u00e8s de mes a\u00een\u00e9s se transformer en mauvais fast-food d\u2019infos indigestes. Les hommes et femmes ramen\u00e9s devant les juges sont innocents tant qu\u2019ils n\u2019ont pas \u00e9t\u00e9 condamn\u00e9s ! Pourtant, l\u2019\u0153il malsain et pervers de l\u2019objectif est l\u00e0 qui fouille ind\u00e9cemment entre les mailles serr\u00e9es de la cellule embarqu\u00e9e et cens\u00e9es prot\u00e9ger le droit \u00e0 l\u2019image du justiciable. Oui ! Justiciable ! Nous sommes tous justiciables ! Et encore une fois tous innocents tant que le maillet du juge ne s\u2019est pas abattu. Pourtant, sur les plateaux t\u00e9l\u00e9s-poubelles, des \u00ab journalistes \u00bb et des experts en droit, en \u00e9conomie ou encore en b\u00e9gonias jugent et condamnent \u00e0 tour de salive \u00e9ruct\u00e9e. De quel droit peut-on en ce 25 avril affirmer ou laisser affirmer de mani\u00e8re p\u00e9remptoire, nous journalistes ou nos \u00ab invit\u00e9s \u00bb que Rebrab est coupable de ceci, que les fr\u00e8res Kouninef ont chip\u00e9 cela ? De quel droit ? Attention ! L\u00e0, nous engageons mal notre 2e R\u00e9publique, si tant est que la volont\u00e9 du D\u00e9cideur \u2013 oui et gardez-moi SVP le singulier \u2013 veuille franchement l\u2019engager cette seconde R\u00e9publique. Les jeunes et moins jeunes qui vendredisent, samedisent, dimanchisent, lundisent, mardisent, mercredisent et jeudisent veulent une Alg\u00e9rie apais\u00e9e et juste. Pas un abattoir o\u00f9 se r\u00e8glent les comptes entre maquignons incultes ! Je fume du th\u00e9 et je reste \u00e9veill\u00e9, le cauchemar continue.<br \/><em><strong>H. L.<\/strong><\/em><\/p>\n<p>Auteur:<br \/>\n<a href=\"https:\/\/www.lesoirdalgerie.com\/pousse-avec-eux\/la-justice-oui-le-lynchage-lala-22883\">Cliquez ici pour lire l&rsquo;article depuis sa source.<\/a><\/p>\n","protected":false},"excerpt":{"rendered":"<p>Urgent ! Breaking-news ! Derni\u00e8re minute ! Arriv\u00e9e \u00e0 la t\u00eate du nouveau p\u00f4le anti -corruption de\u2026 \u2026 B. Tliba !\u00a0 \u00c7a prend des allures de t\u00e9l\u00e9r\u00e9alit\u00e9 ! On nous invite jusqu\u2019\u00e0 la naus\u00e9e aux portails des tribunaux. Qui muni de son mobile. Qui de sa grosse cam\u00e9ra. Les seconds provoquant en moi une profonde [&hellip;]<\/p>\n","protected":false},"author":1741,"featured_media":0,"comment_status":"closed","ping_status":"closed","sticky":false,"template":"","format":"standard","meta":{"fifu_image_url":"","fifu_image_alt":"","footnotes":""},"categories":[73,53],"tags":[],"class_list":["post-30285","post","type-post","status-publish","format-standard","hentry","category-actualite","category-algerie"],"_links":{"self":[{"href":"https:\/\/linitiative.ca\/International\/wp-json\/wp\/v2\/posts\/30285","targetHints":{"allow":["GET"]}}],"collection":[{"href":"https:\/\/linitiative.ca\/International\/wp-json\/wp\/v2\/posts"}],"about":[{"href":"https:\/\/linitiative.ca\/International\/wp-json\/wp\/v2\/types\/post"}],"author":[{"embeddable":true,"href":"https:\/\/linitiative.ca\/International\/wp-json\/wp\/v2\/users\/1741"}],"replies":[{"embeddable":true,"href":"https:\/\/linitiative.ca\/International\/wp-json\/wp\/v2\/comments?post=30285"}],"version-history":[{"count":0,"href":"https:\/\/linitiative.ca\/International\/wp-json\/wp\/v2\/posts\/30285\/revisions"}],"wp:attachment":[{"href":"https:\/\/linitiative.ca\/International\/wp-json\/wp\/v2\/media?parent=30285"}],"wp:term":[{"taxonomy":"category","embeddable":true,"href":"https:\/\/linitiative.ca\/International\/wp-json\/wp\/v2\/categories?post=30285"},{"taxonomy":"post_tag","embeddable":true,"href":"https:\/\/linitiative.ca\/International\/wp-json\/wp\/v2\/tags?post=30285"}],"curies":[{"name":"wp","href":"https:\/\/api.w.org\/{rel}","templated":true}]}}