{"id":30292,"date":"2019-04-25T03:30:05","date_gmt":"2019-04-25T07:30:05","guid":{"rendered":"https:\/\/linitiative.ca\/International\/elle-fait-lactu-nadia-fassi-fehri-pdg-de-inwi\/"},"modified":"2019-04-25T03:30:05","modified_gmt":"2019-04-25T07:30:05","slug":"elle-fait-lactu-nadia-fassi-fehri-pdg-de-inwi","status":"publish","type":"post","link":"https:\/\/linitiative.ca\/International\/elle-fait-lactu-nadia-fassi-fehri-pdg-de-inwi\/","title":{"rendered":"Elle fait l\u2019actu : Nadia Fassi-Fehri, PDG de inwi"},"content":{"rendered":"<p>Premier op\u00e9rateur \u00ab 5G Ready \u00bb au Maroc, inwi confirme son leadership et son avance en mati\u00e8re de technologie <strong>5G<\/strong> en participant \u00e0 l\u2019effort mondial de recherche et d\u2019innovation et en contribuant activement au d\u00e9veloppement des standards futurs de la 5G au niveau international.<\/p>\n<div class=\"c10\"\/>\n<p>Dernier exemple en date : celui de Brahim Aamer, Manager Planification Radio chez <strong>inwi<\/strong>, et auteur (avec une \u00e9quipe de contributeurs industriels et scientifiques marocains et internationaux) d\u2019une innovation autour de \u00ab l\u2019intelligence artificielle appliqu\u00e9e \u00e0 l\u2019interface radio mobile \u00bb. Un travail de recherche valid\u00e9 par l\u2019Institute of Electrical and Electronic Engineers (IEEE) et pr\u00e9sent\u00e9 lors du Wireless Communications and Networking Conference (WCNC-2019), plus grand \u00e9v\u00e9nement mondial d\u00e9di\u00e9 aux technologies de la communication sans fil et qui a eu lieu \u00e0 Marrakech.<\/p>\n<p>Il s\u2019agit d\u2019une contribution qui fait avancer l\u2019industrie mondiale des <strong>t\u00e9l\u00e9communications<\/strong>. Elle qui rend la technologie 5G plus performante \u00e0 la fois pour les op\u00e9rateurs en qu\u00eate davantage d\u2019efficience \u00e9conomique et pour les utilisateurs soucieux du confort de leur navigation et de leur exp\u00e9rience de mani\u00e8re g\u00e9n\u00e9rale (d\u00e9bit, latence, etc.).<\/p>\n<div class=\"c17\">\n<fieldset class=\"c16\">\n<legend><strong><span class=\"c11\">Challenge<\/span><span class=\"c12\">news<\/span><\/strong><\/legend>\n<div class=\"c15\">Le meilleur de la r\u00e9daction s\u00e9lectionn\u00e9 par Challenge :<\/p>\n<\/div>\n<\/fieldset>\n<\/div>\n<p>Auteur: Karim Handaoui<br \/>\n<a href=\"https:\/\/www.challenge.ma\/elle-fait-lactu-nadia-fassi-fehri-pdg-de-inwi-4-108241\/\">Cliquez ici pour lire l&rsquo;article depuis sa source.<\/a><\/p>\n","protected":false},"excerpt":{"rendered":"<p>Premier op\u00e9rateur \u00ab 5G Ready \u00bb au Maroc, inwi confirme son leadership et son avance en mati\u00e8re de technologie 5G en participant \u00e0 l\u2019effort mondial de recherche et d\u2019innovation et en contribuant activement au d\u00e9veloppement des standards futurs de la 5G au niveau international. Dernier exemple en date : celui de Brahim Aamer, Manager Planification [&hellip;]<\/p>\n","protected":false},"author":1787,"featured_media":0,"comment_status":"closed","ping_status":"closed","sticky":false,"template":"","format":"standard","meta":{"fifu_image_url":"","fifu_image_alt":"","footnotes":""},"categories":[78,54],"tags":[],"class_list":["post-30292","post","type-post","status-publish","format-standard","hentry","category-economie","category-maroc"],"_links":{"self":[{"href":"https:\/\/linitiative.ca\/International\/wp-json\/wp\/v2\/posts\/30292","targetHints":{"allow":["GET"]}}],"collection":[{"href":"https:\/\/linitiative.ca\/International\/wp-json\/wp\/v2\/posts"}],"about":[{"href":"https:\/\/linitiative.ca\/International\/wp-json\/wp\/v2\/types\/post"}],"author":[{"embeddable":true,"href":"https:\/\/linitiative.ca\/International\/wp-json\/wp\/v2\/users\/1787"}],"replies":[{"embeddable":true,"href":"https:\/\/linitiative.ca\/International\/wp-json\/wp\/v2\/comments?post=30292"}],"version-history":[{"count":0,"href":"https:\/\/linitiative.ca\/International\/wp-json\/wp\/v2\/posts\/30292\/revisions"}],"wp:attachment":[{"href":"https:\/\/linitiative.ca\/International\/wp-json\/wp\/v2\/media?parent=30292"}],"wp:term":[{"taxonomy":"category","embeddable":true,"href":"https:\/\/linitiative.ca\/International\/wp-json\/wp\/v2\/categories?post=30292"},{"taxonomy":"post_tag","embeddable":true,"href":"https:\/\/linitiative.ca\/International\/wp-json\/wp\/v2\/tags?post=30292"}],"curies":[{"name":"wp","href":"https:\/\/api.w.org\/{rel}","templated":true}]}}