{"id":30300,"date":"2019-04-25T11:58:43","date_gmt":"2019-04-25T15:58:43","guid":{"rendered":"https:\/\/linitiative.ca\/International\/le-ministere-de-leconomie-heberge-lammc\/"},"modified":"2019-04-25T11:58:43","modified_gmt":"2019-04-25T15:58:43","slug":"le-ministere-de-leconomie-heberge-lammc","status":"publish","type":"post","link":"https:\/\/linitiative.ca\/International\/le-ministere-de-leconomie-heberge-lammc\/","title":{"rendered":"Le minist\u00e8re de l\u2019\u00c9conomie h\u00e9berge l\u2019AMMC"},"content":{"rendered":"<p>Le minist\u00e8re de l\u2019\u00c9conomie et des finances et l\u2019Autorit\u00e9 marocaine du march\u00e9 des capitaux (AMMC) ont sign\u00e9, mercredi \u00e0 Rabat, une convention en vertu de laquelle le minist\u00e8re met \u00e0 la disposition de l\u2019AMMC son <strong>Datacenter<\/strong> pour l\u2019h\u00e9bergement du syst\u00e8me d\u2019information de cette derni\u00e8re.<\/p>\n<div class=\"c10\"\/>\n<p>L\u2019utilisation du Datacenter du minist\u00e8re de l\u2019\u00c9conomie permettra \u00e0 l\u2019AMMC de renforcer la haute disponibilit\u00e9, la s\u00e9curit\u00e9 et la continuit\u00e9 des activit\u00e9s li\u00e9es \u00e0 son <strong>syst\u00e8me d\u2019information<\/strong> et ce, en harmonie avec les principes d\u2019optimisation et de rationalisation de la gestion des ressources.<\/p>\n<p>Cette action s\u2019inscrit dans le cadre de la strat\u00e9gie de mutualisation des ressources pr\u00f4n\u00e9e par le <strong>minist\u00e8re de l\u2019\u00c9conomie<\/strong> et des finances qui vise \u00e0 rationaliser les d\u00e9penses et \u00e0 capitaliser sur les bonnes pratiques au sein de l\u2019administration publique.<\/p>\n<p>La convention a \u00e9t\u00e9 sign\u00e9e par la pr\u00e9sidente de l\u2019<strong>AMMC<\/strong>, Nezha Hayat, et le directeur des Affaires administratives et g\u00e9n\u00e9rales du minist\u00e8re de l\u2019\u00c9conomie et des finances, Mohamed El Kharmoudi, en pr\u00e9sence du secr\u00e9taire g\u00e9n\u00e9ral du minist\u00e8re, Zouhair Chorfi.<\/p>\n<div class=\"c17\">\n<fieldset class=\"c16\">\n<legend><strong><span class=\"c11\">Challenge<\/span><span class=\"c12\">news<\/span><\/strong><\/legend>\n<div class=\"c15\">Le meilleur de la r\u00e9daction s\u00e9lectionn\u00e9 par Challenge :<\/p>\n<\/div>\n<\/fieldset>\n<\/div>\n<p>Auteur: Karim Handaoui<br \/>\n<a href=\"https:\/\/www.challenge.ma\/le-ministere-de-leconomie-heberge-lammc-108317\/\">Cliquez ici pour lire l&rsquo;article depuis sa source.<\/a><\/p>\n","protected":false},"excerpt":{"rendered":"<p>Le minist\u00e8re de l\u2019\u00c9conomie et des finances et l\u2019Autorit\u00e9 marocaine du march\u00e9 des capitaux (AMMC) ont sign\u00e9, mercredi \u00e0 Rabat, une convention en vertu de laquelle le minist\u00e8re met \u00e0 la disposition de l\u2019AMMC son Datacenter pour l\u2019h\u00e9bergement du syst\u00e8me d\u2019information de cette derni\u00e8re. L\u2019utilisation du Datacenter du minist\u00e8re de l\u2019\u00c9conomie permettra \u00e0 l\u2019AMMC de [&hellip;]<\/p>\n","protected":false},"author":1787,"featured_media":0,"comment_status":"closed","ping_status":"closed","sticky":false,"template":"","format":"standard","meta":{"fifu_image_url":"","fifu_image_alt":"","footnotes":""},"categories":[78,54],"tags":[],"class_list":["post-30300","post","type-post","status-publish","format-standard","hentry","category-economie","category-maroc"],"_links":{"self":[{"href":"https:\/\/linitiative.ca\/International\/wp-json\/wp\/v2\/posts\/30300","targetHints":{"allow":["GET"]}}],"collection":[{"href":"https:\/\/linitiative.ca\/International\/wp-json\/wp\/v2\/posts"}],"about":[{"href":"https:\/\/linitiative.ca\/International\/wp-json\/wp\/v2\/types\/post"}],"author":[{"embeddable":true,"href":"https:\/\/linitiative.ca\/International\/wp-json\/wp\/v2\/users\/1787"}],"replies":[{"embeddable":true,"href":"https:\/\/linitiative.ca\/International\/wp-json\/wp\/v2\/comments?post=30300"}],"version-history":[{"count":0,"href":"https:\/\/linitiative.ca\/International\/wp-json\/wp\/v2\/posts\/30300\/revisions"}],"wp:attachment":[{"href":"https:\/\/linitiative.ca\/International\/wp-json\/wp\/v2\/media?parent=30300"}],"wp:term":[{"taxonomy":"category","embeddable":true,"href":"https:\/\/linitiative.ca\/International\/wp-json\/wp\/v2\/categories?post=30300"},{"taxonomy":"post_tag","embeddable":true,"href":"https:\/\/linitiative.ca\/International\/wp-json\/wp\/v2\/tags?post=30300"}],"curies":[{"name":"wp","href":"https:\/\/api.w.org\/{rel}","templated":true}]}}