{"id":30304,"date":"2019-04-25T11:18:49","date_gmt":"2019-04-25T15:18:49","guid":{"rendered":"https:\/\/linitiative.ca\/International\/coupe-de-la-caf-lattaquant-de-less-absent-contre-le-zamalek\/"},"modified":"2019-04-25T11:18:49","modified_gmt":"2019-04-25T15:18:49","slug":"coupe-de-la-caf-lattaquant-de-less-absent-contre-le-zamalek","status":"publish","type":"post","link":"https:\/\/linitiative.ca\/International\/coupe-de-la-caf-lattaquant-de-less-absent-contre-le-zamalek\/","title":{"rendered":"Coupe de la CAF : L\u2019attaquant de l\u2019ESS absent contre le Zamalek"},"content":{"rendered":"<div class=\"nc_socialPanel swp_flatFresh swp_d_fullColor swp_i_fullColor swp_o_fullColor scale-100 scale-fullWidth\" data-position=\"none\" data-float=\"floatNone\" data-count=\"5\" data-floatcolor=\"#ffffff\" data-emphasize=\"0\">\n<div class=\"nc_tweetContainer totes totesalt\" data-id=\"6\"><span class=\"swp_count\"><span class=\"swp_label\">Partages<\/span> 0<\/span><\/div>\n<\/div>\n<p>La conf\u00e9d\u00e9ration africaine de football (CAF) a d\u00e9cid\u00e9 de confirmer\u00a0la sanction de suspension pendant deux matchs\u00a0contre Karim\u00a0Aribi, attaquant de l\u2019Etoile sportive du Sahel,\u00a0suite au carton rouge obtenu lors du match contre Al Hilal.<\/p>\n<p>De ce fait, l\u2019attaquant alg\u00e9rien sera indisponible \u00e0 l\u2019occasion de la\u00a0demi-finale\u00a0(aller et retour) de la Coupe de la CAF contre le Zamalek.<\/p>\n<div class=\"code-block code-block-1 c5\"><ins class=\"adsbygoogle c4\" data-ad-layout=\"in-article\" data-ad-format=\"fluid\" data-ad-client=\"ca-pub-2102118777505746\" data-ad-slot=\"7301775417\"\/> <\/div>\n<p>Il est \u00e0 noter que l\u2019ESS est actuellement en Egypte afin de pr\u00e9parer le match contre le club Zamalek, ce dimanche (17h00).<\/p>\n<div class=\"mvp-org-wrap mvp-org-logo\" itemprop=\"publisher\" itemscope=\"\" itemtype=\"https:\/\/schema.org\/Organization\"><img decoding=\"async\" src=\"https:\/\/sport.tunisienumerique.com\/wp-content\/uploads\/2017\/05\/logo_tunisie_numerique.png\"\/><\/div>\n<div class=\"nc_socialPanel swp_flatFresh swp_d_fullColor swp_i_fullColor swp_o_fullColor scale-100 scale-fullWidth\" data-position=\"none\" data-float=\"floatNone\" data-count=\"5\" data-floatcolor=\"#ffffff\" data-emphasize=\"0\">\n<div class=\"nc_tweetContainer totes totesalt\" data-id=\"6\"><span class=\"swp_count\"><span class=\"swp_label\">Partages<\/span> 0<\/span><\/div>\n<\/div>\n<div class=\"mvp-related-posts left relative\">\n<h4 class=\"post-header\"><span class=\"post-header\">Lire aussi<\/span><\/h4>\n<\/div>\n<p>Auteur: a.<br \/>\n<a href=\"https:\/\/sport.tunisienumerique.com\/coupe-de-caf-lattaquant-de-less-absent-contre-zamalek\/\">Cliquez ici pour lire l&rsquo;article depuis sa source.<\/a><\/p>\n","protected":false},"excerpt":{"rendered":"<p>Partages 0 La conf\u00e9d\u00e9ration africaine de football (CAF) a d\u00e9cid\u00e9 de confirmer\u00a0la sanction de suspension pendant deux matchs\u00a0contre Karim\u00a0Aribi, attaquant de l\u2019Etoile sportive du Sahel,\u00a0suite au carton rouge obtenu lors du match contre Al Hilal. De ce fait, l\u2019attaquant alg\u00e9rien sera indisponible \u00e0 l\u2019occasion de la\u00a0demi-finale\u00a0(aller et retour) de la Coupe de la CAF contre [&hellip;]<\/p>\n","protected":false},"author":1789,"featured_media":30305,"comment_status":"closed","ping_status":"closed","sticky":false,"template":"","format":"standard","meta":{"fifu_image_url":"","fifu_image_alt":"","footnotes":""},"categories":[73,55],"tags":[],"class_list":["post-30304","post","type-post","status-publish","format-standard","has-post-thumbnail","hentry","category-actualite","category-tunisie"],"_links":{"self":[{"href":"https:\/\/linitiative.ca\/International\/wp-json\/wp\/v2\/posts\/30304","targetHints":{"allow":["GET"]}}],"collection":[{"href":"https:\/\/linitiative.ca\/International\/wp-json\/wp\/v2\/posts"}],"about":[{"href":"https:\/\/linitiative.ca\/International\/wp-json\/wp\/v2\/types\/post"}],"author":[{"embeddable":true,"href":"https:\/\/linitiative.ca\/International\/wp-json\/wp\/v2\/users\/1789"}],"replies":[{"embeddable":true,"href":"https:\/\/linitiative.ca\/International\/wp-json\/wp\/v2\/comments?post=30304"}],"version-history":[{"count":0,"href":"https:\/\/linitiative.ca\/International\/wp-json\/wp\/v2\/posts\/30304\/revisions"}],"wp:featuredmedia":[{"embeddable":true,"href":"https:\/\/linitiative.ca\/International\/wp-json\/"}],"wp:attachment":[{"href":"https:\/\/linitiative.ca\/International\/wp-json\/wp\/v2\/media?parent=30304"}],"wp:term":[{"taxonomy":"category","embeddable":true,"href":"https:\/\/linitiative.ca\/International\/wp-json\/wp\/v2\/categories?post=30304"},{"taxonomy":"post_tag","embeddable":true,"href":"https:\/\/linitiative.ca\/International\/wp-json\/wp\/v2\/tags?post=30304"}],"curies":[{"name":"wp","href":"https:\/\/api.w.org\/{rel}","templated":true}]}}