{"id":30312,"date":"2019-04-25T15:57:50","date_gmt":"2019-04-25T19:57:50","guid":{"rendered":"https:\/\/linitiative.ca\/International\/tunisie-ce-quil-y-a-lieu-de-retenir-de-lenquete-sur-le-deces-des-nouveau-nes-a-la-rabta\/"},"modified":"2019-04-25T15:57:50","modified_gmt":"2019-04-25T19:57:50","slug":"tunisie-ce-quil-y-a-lieu-de-retenir-de-lenquete-sur-le-deces-des-nouveau-nes-a-la-rabta","status":"publish","type":"post","link":"https:\/\/linitiative.ca\/International\/tunisie-ce-quil-y-a-lieu-de-retenir-de-lenquete-sur-le-deces-des-nouveau-nes-a-la-rabta\/","title":{"rendered":"Tunisie \u2013 Ce qu\u2019il y a lieu de\u00a0retenir de l\u2019enqu\u00eate sur le d\u00e9c\u00e8s des nouveau-n\u00e9s \u00e0 La Rabta"},"content":{"rendered":"<div class=\"post-cont-in left relative\">\n<p>Le pr\u00e9sident de la Commission technique d\u2019enqu\u00eate sur les d\u00e9c\u00e8s des nouveau-n\u00e9s \u00e0 la maternit\u00e9 de la Rabta, Mohamed Douagi a d\u00e9voil\u00e9 ce jeudi, lors d\u2019une conf\u00e9rence de presse, les r\u00e9sultats tant attendus, de la cause des d\u00e9c\u00e8s des b\u00e9b\u00e9s.<\/p>\n<p>Ce qu\u2019il y a lieu de retenir de toute cette conf\u00e9rence et en termes terre \u00e0 terre, sans jargon m\u00e9dical, les d\u00e9c\u00e8s ont \u00e9t\u00e9 provoqu\u00e9s par une bact\u00e9rie de type germe intestinal qui vit normalement dans le tube digestif de l\u2019Homme, mais qui peut, dans certaines conditions, comme celle d\u2019un h\u00f4pital\u00a0; o\u00f9 l\u2019ambiance est satur\u00e9e d\u2019antibiotiques et autres drogues, causer des infections graves et r\u00e9sistantes aux antibiotiques usuels. L\u2019enqu\u00eate a donc, mis le doigt sur l\u2019agent en cause et a \u00e9limin\u00e9 toute faute m\u00e9dicale ou tout d\u00e9faut de composition des produits pharmaceutiques employ\u00e9s.<\/p>\n<div class=\"code-block code-block-1 c3\"><ins class=\"adsbygoogle c2\" data-ad-layout=\"in-article\" data-ad-format=\"fluid\" data-ad-client=\"ca-pub-2102118777505746\" data-ad-slot=\"7301775417\"\/> <\/div>\n<p>L\u2019agent causal ayant \u00e9t\u00e9 identifi\u00e9, il fallait, ensuite chercher qui l\u2019avait introduit dans le circuit de pr\u00e9paration des solutions alimentaires de ces nouveau-n\u00e9s, puisque ce germe n\u2019a pu souiller ces pr\u00e9parations, qu\u2019au cours de leur manipulation par les\u00a0agents.<\/p>\n<p>La premi\u00e8re chose \u00e0 faire \u00e9tait, en toute logique, de demander des examens bact\u00e9riologiques pour les personnels en contact direct avec ces solutions. Le but n\u2019\u00e9tant pas de d\u00e9signer un coupable et de le livrer \u00e0 la foule pour le lyncher mais, plut\u00f4t,\u00a0d\u2019essayer de comprendre le pourquoi de la faille qui a permis cette infection. Sachant que pour qu\u2019un tel germe arrive au contact des pr\u00e9parations, il fallait, obligatoirement, que l\u2019un des agents responsables de la manipulation, ait eu cette bact\u00e9rie sur les mains ou sur la blouse\u00a0? Sachant que, comme pour toutes les infections transmissibles par les mains, le porteur final pourrait ne constituer que le dernier maillon d\u2019une longue cha\u00eene de transmission de ce germe mortel. C\u2019est dire l\u2019importance de ces examens bact\u00e9riologiques et la n\u00e9cessit\u00e9 de connaitre les \u00ab\u00a0vecteurs\u00a0\u00bb de cette bact\u00e9rie, pour prendre \u00e0 l\u2019avenir les pr\u00e9cautions n\u00e9cessaires afin d\u2019\u00e9viter de telles catastrophes.<\/p>\n<p>Mais, c\u2019est l\u00e0 que \u00e7\u00e0 devient\u00a0ahurissant,\u00a0les agents en question ont cat\u00e9goriquement refus\u00e9 de se soumettre \u00e0 ces examens, sur les conseils, voire les ordres, des membres de leur syndicat.<\/p>\n<p>On a dit que \u00e7\u00e0 devenait absurde\u00a0car, comme tout le monde le sait, depuis le d\u00e9but, il y avait une double enqu\u00eate\u00a0: Celle technique men\u00e9e par l\u2019\u00e9quipe du minist\u00e8re de la sant\u00e9 et celle judiciaire men\u00e9e par le minist\u00e8re public. Or, l\u2019absence de r\u00e9action \u00e0 ce refus de se soumettre aux examens biologiques par les agents en question, de la part du parquet, ne peut que laisser dubitatif.<\/p>\n<p>A notre connaissance, ce refus constitue un acte grave d\u2019obstruction \u00e0 la justice, dans la mesure o\u00f9 \u00e7\u00e0 emp\u00eachait de poursuivre une enqu\u00eate en rapport avec une affaire gravissime devenue une affaire d\u2019Etat. Toujours \u00e0 notre connaissance, l\u2019obstruction \u00e0 la justice est passible de peines d\u2019emprisonnement. Mais, \u00e0 la grande stup\u00e9faction de tout le monde, cette affaire n\u2019a eu aucune suite\u00a0!<\/p>\n<p>Du coup, l\u2019enqu\u00eate n\u2019a pu \u00eatre men\u00e9e jusqu\u2019au bout, en d\u00e9limitant les responsabilit\u00e9s et en identifiant les balises d\u2019une \u00e9ventuelle pr\u00e9vention ult\u00e9rieure. La faute n\u2019aura pas \u00e9t\u00e9, comme le craignaient certains,\u00a0celle des m\u00e9decins de la Commission qui ont \u00e9t\u00e9 accus\u00e9s de vouloir prot\u00e9ger leurs coll\u00e8gues. La faute dans cette enqu\u00eate au go\u00fbt d\u2019inachev\u00e9 et qui a laiss\u00e9 le tunisien sur sa faim, incombe indubitablement, aux syndicalistes de la sant\u00e9, qui n\u2019en sont pas \u00e0 leur premi\u00e8re d\u00e9monstration de force, dans le sens de miner et de saccager le syst\u00e8me de la sant\u00e9.<\/p>\n<p>D\u00e9sormais, donc, il ne faudrait plus se lamenter sur le sort du syst\u00e8me de sant\u00e9 en essayant de comprendre le pourquoi du comment de la chose, puisque tout le monde sait qui est \u00e0 l\u2019origine de cette situation catastrophique\u00a0!!!<\/p>\n<div class=\"mvp-org-wrap mvp-org-logo\" itemprop=\"publisher\" itemscope=\"\" itemtype=\"https:\/\/schema.org\/Organization\"><img decoding=\"async\" src=\"https:\/\/www.tunisienumerique.com\/wp-content\/uploads\/2017\/02\/logo_tunisie_numerique.png\"\/><\/div>\n<div class=\"mvp-related-posts left relative\">\n<h4 class=\"post-header\"><span class=\"post-header\">Lire aussi<\/span><\/h4>\n<\/div>\n<\/div>\n<p>Auteur: LM<br \/>\n<a href=\"https:\/\/www.tunisienumerique.com\/tunisie-ce-quil-y-a-lieu-de-retenir-de-lenquete-sur-le-deces-des-nouveau-nes-a-la-rabta\/\">Cliquez ici pour lire l&rsquo;article depuis sa source.<\/a><\/p>\n","protected":false},"excerpt":{"rendered":"<p>Le pr\u00e9sident de la Commission technique d\u2019enqu\u00eate sur les d\u00e9c\u00e8s des nouveau-n\u00e9s \u00e0 la maternit\u00e9 de la Rabta, Mohamed Douagi a d\u00e9voil\u00e9 ce jeudi, lors d\u2019une conf\u00e9rence de presse, les r\u00e9sultats tant attendus, de la cause des d\u00e9c\u00e8s des b\u00e9b\u00e9s. Ce qu\u2019il y a lieu de retenir de toute cette conf\u00e9rence et en termes terre [&hellip;]<\/p>\n","protected":false},"author":1789,"featured_media":30313,"comment_status":"closed","ping_status":"closed","sticky":false,"template":"","format":"standard","meta":{"fifu_image_url":"","fifu_image_alt":"","footnotes":""},"categories":[73,55],"tags":[],"class_list":["post-30312","post","type-post","status-publish","format-standard","has-post-thumbnail","hentry","category-actualite","category-tunisie"],"_links":{"self":[{"href":"https:\/\/linitiative.ca\/International\/wp-json\/wp\/v2\/posts\/30312","targetHints":{"allow":["GET"]}}],"collection":[{"href":"https:\/\/linitiative.ca\/International\/wp-json\/wp\/v2\/posts"}],"about":[{"href":"https:\/\/linitiative.ca\/International\/wp-json\/wp\/v2\/types\/post"}],"author":[{"embeddable":true,"href":"https:\/\/linitiative.ca\/International\/wp-json\/wp\/v2\/users\/1789"}],"replies":[{"embeddable":true,"href":"https:\/\/linitiative.ca\/International\/wp-json\/wp\/v2\/comments?post=30312"}],"version-history":[{"count":0,"href":"https:\/\/linitiative.ca\/International\/wp-json\/wp\/v2\/posts\/30312\/revisions"}],"wp:featuredmedia":[{"embeddable":true,"href":"https:\/\/linitiative.ca\/International\/wp-json\/"}],"wp:attachment":[{"href":"https:\/\/linitiative.ca\/International\/wp-json\/wp\/v2\/media?parent=30312"}],"wp:term":[{"taxonomy":"category","embeddable":true,"href":"https:\/\/linitiative.ca\/International\/wp-json\/wp\/v2\/categories?post=30312"},{"taxonomy":"post_tag","embeddable":true,"href":"https:\/\/linitiative.ca\/International\/wp-json\/wp\/v2\/tags?post=30312"}],"curies":[{"name":"wp","href":"https:\/\/api.w.org\/{rel}","templated":true}]}}