{"id":30314,"date":"2019-04-25T16:21:04","date_gmt":"2019-04-25T20:21:04","guid":{"rendered":"https:\/\/linitiative.ca\/International\/tunisie-la-haica-a-perdu-son-i-elle-sappelle-desormais-haca\/"},"modified":"2019-04-25T16:21:04","modified_gmt":"2019-04-25T20:21:04","slug":"tunisie-la-haica-a-perdu-son-i-elle-sappelle-desormais-haca","status":"publish","type":"post","link":"https:\/\/linitiative.ca\/International\/tunisie-la-haica-a-perdu-son-i-elle-sappelle-desormais-haca\/","title":{"rendered":"Tunisie \u2013 La HAICA a perdu son \u00ab\u00a0I\u00a0\u00bb. Elle s\u2019appelle, d\u00e9sormais HACA"},"content":{"rendered":"<div class=\"post-cont-in left relative\">\n<p>La HAICA a,\u00a0bel et bien\u00a0perdu\u00a0ce jeudi le\u00a0 \u00ab\u00a0I\u00a0\u00bb indiquant son ind\u00e9pendance. Un \u00ab\u00a0I\u00a0\u00bb qui est tomb\u00e9 \u00e0 cause des d\u00e9clarations de son pr\u00e9sident aux diff\u00e9rents m\u00e9dias, en rapport avec la d\u00e9cision prise par son Instance\u00a0de fermer la cha\u00eene TV, Nessma.<\/p>\n<p>En dehors du fait que cette d\u00e9cision\u00a0soit politique ou autre et hormis le\u00a0fait de dire si cette d\u00e9cision a \u00e9t\u00e9 mise \u00e0 profit par certaines parties, pour monter au cr\u00e9neau\u2026 Hors toute cette pol\u00e9mique, le fait le plus marquant\u00a0aura \u00e9t\u00e9 la d\u00e9claration du pr\u00e9sident de l\u2019autorit\u00e9 de tutelle, concernant son incapacit\u00e9\u00a0\u00e0 faire appliquer la loi d\u2019une d\u00e9cision similaire, sur la cha\u00eene TV Zitouna. Le motif qu\u2019il a donn\u00e9, pour expliquer pourquoi il a \u00e9t\u00e9 incapable d\u2019appliquer la loi sur\u00a0 Zitouna TV est que cette derni\u00e8re jouit du soutien d\u2019un parti politique.<\/p>\n<div class=\"code-block code-block-1 c3\"><ins class=\"adsbygoogle c2\" data-ad-layout=\"in-article\" data-ad-format=\"fluid\" data-ad-client=\"ca-pub-2102118777505746\" data-ad-slot=\"7301775417\"\/> <\/div>\n<p>De quelle ind\u00e9pendance parlons-nous l\u00e0 ?<\/p>\n<div class=\"mvp-org-wrap mvp-org-logo\" itemprop=\"publisher\" itemscope=\"\" itemtype=\"https:\/\/schema.org\/Organization\"><img decoding=\"async\" src=\"https:\/\/www.tunisienumerique.com\/wp-content\/uploads\/2017\/02\/logo_tunisie_numerique.png\"\/><\/div>\n<div class=\"mvp-related-posts left relative\">\n<h4 class=\"post-header\"><span class=\"post-header\">Lire aussi<\/span><\/h4>\n<\/div>\n<\/div>\n<p>Auteur: LM<br \/>\n<a href=\"https:\/\/www.tunisienumerique.com\/tunisie-la-haica-a-perdu-son-i-elle-sappelle-desormais-haca\/\">Cliquez ici pour lire l&rsquo;article depuis sa source.<\/a><\/p>\n","protected":false},"excerpt":{"rendered":"<p>La HAICA a,\u00a0bel et bien\u00a0perdu\u00a0ce jeudi le\u00a0 \u00ab\u00a0I\u00a0\u00bb indiquant son ind\u00e9pendance. Un \u00ab\u00a0I\u00a0\u00bb qui est tomb\u00e9 \u00e0 cause des d\u00e9clarations de son pr\u00e9sident aux diff\u00e9rents m\u00e9dias, en rapport avec la d\u00e9cision prise par son Instance\u00a0de fermer la cha\u00eene TV, Nessma. En dehors du fait que cette d\u00e9cision\u00a0soit politique ou autre et hormis le\u00a0fait de dire [&hellip;]<\/p>\n","protected":false},"author":1789,"featured_media":30315,"comment_status":"closed","ping_status":"closed","sticky":false,"template":"","format":"standard","meta":{"fifu_image_url":"","fifu_image_alt":"","footnotes":""},"categories":[73,55],"tags":[],"class_list":["post-30314","post","type-post","status-publish","format-standard","has-post-thumbnail","hentry","category-actualite","category-tunisie"],"_links":{"self":[{"href":"https:\/\/linitiative.ca\/International\/wp-json\/wp\/v2\/posts\/30314","targetHints":{"allow":["GET"]}}],"collection":[{"href":"https:\/\/linitiative.ca\/International\/wp-json\/wp\/v2\/posts"}],"about":[{"href":"https:\/\/linitiative.ca\/International\/wp-json\/wp\/v2\/types\/post"}],"author":[{"embeddable":true,"href":"https:\/\/linitiative.ca\/International\/wp-json\/wp\/v2\/users\/1789"}],"replies":[{"embeddable":true,"href":"https:\/\/linitiative.ca\/International\/wp-json\/wp\/v2\/comments?post=30314"}],"version-history":[{"count":0,"href":"https:\/\/linitiative.ca\/International\/wp-json\/wp\/v2\/posts\/30314\/revisions"}],"wp:featuredmedia":[{"embeddable":true,"href":"https:\/\/linitiative.ca\/International\/wp-json\/"}],"wp:attachment":[{"href":"https:\/\/linitiative.ca\/International\/wp-json\/wp\/v2\/media?parent=30314"}],"wp:term":[{"taxonomy":"category","embeddable":true,"href":"https:\/\/linitiative.ca\/International\/wp-json\/wp\/v2\/categories?post=30314"},{"taxonomy":"post_tag","embeddable":true,"href":"https:\/\/linitiative.ca\/International\/wp-json\/wp\/v2\/tags?post=30314"}],"curies":[{"name":"wp","href":"https:\/\/api.w.org\/{rel}","templated":true}]}}