{"id":30324,"date":"2019-04-25T14:58:39","date_gmt":"2019-04-25T18:58:39","guid":{"rendered":"https:\/\/linitiative.ca\/International\/uemoa-35-milliards-f-cfa-pour-couvrir-le-risque-maladie\/"},"modified":"2019-04-25T14:58:39","modified_gmt":"2019-04-25T18:58:39","slug":"uemoa-35-milliards-f-cfa-pour-couvrir-le-risque-maladie","status":"publish","type":"post","link":"https:\/\/linitiative.ca\/International\/uemoa-35-milliards-f-cfa-pour-couvrir-le-risque-maladie\/","title":{"rendered":"UEMOA  : 3,5 milliards F CFA pour couvrir  le risque maladie"},"content":{"rendered":"<div class=\"td-post-featured-image\"><a href=\"https:\/\/i0.wp.com\/www.sidwaya.info\/wp-content\/uploads\/2019\/04\/1-59.jpg?fit=728%2C484&#038;ssl=1\" data-caption=\"\"><img loading=\"lazy\" decoding=\"async\" width=\"696\" height=\"463\" class=\"entry-thumb td-modal-image\" src=\"https:\/\/i0.wp.com\/www.sidwaya.info\/wp-content\/uploads\/2019\/04\/1-59.jpg?resize=696%2C463&#038;ssl=1\" srcset=\"https:\/\/i0.wp.com\/www.sidwaya.info\/wp-content\/uploads\/2019\/04\/1-59.jpg?w=728&#038;ssl=1 728w, https:\/\/i0.wp.com\/www.sidwaya.info\/wp-content\/uploads\/2019\/04\/1-59.jpg?resize=300%2C199&#038;ssl=1 300w, https:\/\/i0.wp.com\/www.sidwaya.info\/wp-content\/uploads\/2019\/04\/1-59.jpg?resize=696%2C463&#038;ssl=1 696w, https:\/\/i0.wp.com\/www.sidwaya.info\/wp-content\/uploads\/2019\/04\/1-59.jpg?resize=632%2C420&#038;ssl=1 632w\" sizes=\"auto, (max-width: 696px) 100vw, 696px\" alt=\"\" title=\"1\"\/><\/a><\/div>\n<div class=\"td-a-rec td-a-rec-id-content_top td_uid_30_5cc22a5194567_rand td_block_template_1\"><img loading=\"lazy\" decoding=\"async\" class=\"aligncenter size-full wp-image-4463\" src=\"https:\/\/www.sidwaya.info\/wp-content\/uploads\/2019\/02\/FESPACO-TOUR-2019-Bannie%CC%80re-728x90-1.jpg\" alt=\"\" width=\"728\" height=\"90\"\/><\/div>\n<p><strong>La commission de l\u2019Union \u00e9conomique et mon\u00e9taire ouest-africaine (UEMOA) et l\u2019Agence fran\u00e7aise de d\u00e9veloppement (AFD) ont sign\u00e9, le jeudi 25 avril 2019 \u00e0 Ouagadougou, l\u2019avenant 1 \u00e0 la convention de financement du projet d\u2019appui \u00e0 l\u2019extension de la couverture du risque maladie. D\u2019un montant global de plus de 3,5 milliards F CFA, le projet a une dur\u00e9e de trois ans.<\/strong><\/p>\n<p>Le Projet d\u2019appui \u00e0 l\u2019extension de la couverture du risque maladie (PACRM) de l\u2019Union \u00e9conomique et mon\u00e9taire ouest-africaine (UEMOA) se relance apr\u00e8s huit ann\u00e9es de l\u00e9thargie. En effet, l\u2019institution sous r\u00e9gionale et l\u2019Agence fran\u00e7aise de d\u00e9veloppement (AFD) ont sign\u00e9, le jeudi 25 avril 2019, dans la capitale burkinab\u00e8, l\u2019avenant 1 de la convention de financement, d\u2019un montant de 5 400 000 euros soit environ 3 537 000 000 F CFA. Pour une dur\u00e9e de trois ans, le projet va permettre aux pays-membres, de b\u00e9n\u00e9ficier d\u2019un accompagnement technique en vue de la conduite de leurs processus nationaux de mise en \u0153uvre d\u2019une assurance maladie efficace. Le pr\u00e9sident de la commission de l\u2019UEMOA, Abdallah Boureima, a rappel\u00e9 que l\u2019objectif ultime de son organisation est d\u2019assurer le bien-\u00eatre social des populations dont la sant\u00e9. \u00abTirant les le\u00e7ons des difficult\u00e9s rencontr\u00e9es dans la mise en \u0153uvre du projet dont la convention a \u00e9t\u00e9 sign\u00e9e en mai 2011, des \u00e9changes fructueux ont \u00e9t\u00e9 engag\u00e9s entre nos deux institutions. Ces \u00e9changes ont permis de convenir d\u2019une prorogation de la dur\u00e9e du projet et de d\u00e9finir une modalit\u00e9 de mise en \u0153uvre tenant compte des difficult\u00e9s\u00bb, a expliqu\u00e9 M. Boureima.<\/p>\n<p>A l\u2019\u00e9couter, dans la nouvelle approche, les deux parties ont voulu rendre le projet plus pertinent au regard des \u00e9volutions r\u00e9centes constat\u00e9es dans la dynamique de la couverture maladie dans l\u2019espace et capitaliser les activit\u00e9s d\u00e9j\u00e0 r\u00e9alis\u00e9es. Il vise \u00e0 combler, a-t-il ajout\u00e9, le d\u00e9ficit de financement aux populations les plus pauvres en apportant les ressources indispensables pour la mise en place du m\u00e9canisme d\u2019acc\u00e8s aux soins de sant\u00e9. Et \u00e0 l\u2019ambassadeur de la R\u00e9publique fran\u00e7aise au Burkina Faso, Xavier Lapeyre de Cabanes, d\u2019indiquer que la finalit\u00e9 du projet est de contribuer \u00e0 l\u2019am\u00e9lioration de l\u2019\u00e9tat de sant\u00e9 de la population des pays de l\u2019UEMOA par un meilleur acc\u00e8s financier aux soins de sant\u00e9.<\/p>\n<p><strong>L\u2019engagement de l\u2019UEMOA<\/strong><\/p>\n<p>\u00abIl contribuera \u00e0 positionner la commission dans son r\u00f4le de diffuseur de normes, d\u2019accompagnant des Etats sur des sujets sensibles et innovants. Le contenu a \u00e9t\u00e9 adapt\u00e9 pour tenir compte de la dynamique actuelle de la couverture du risque maladie de l\u2019espace et des besoins exprim\u00e9s par les Etats qui b\u00e9n\u00e9ficieront d\u2019un appui diff\u00e9renci\u00e9 en fonction du niveau d\u2019avancement de leur strat\u00e9gie nationale en la mati\u00e8re\u00bb, a pr\u00e9cis\u00e9 l\u2019ambassadeur de France. Le projet vise notamment, a soulign\u00e9 Xavier Lapeyre de Cabanes, \u00e0 proposer un cadre favorable aux mutuelles de sant\u00e9, \u00e0 appuyer la mise en place de cadres institutionnels et organisationnels pour l\u2019extension de la couverture maladie en faveur des publics-cibles.<\/p>\n<p>\u00abIl est connu que l\u2019existence d\u2019une couverture du risque maladie est un \u00e9l\u00e9ment de nature \u00e0 r\u00e9duire l\u2019\u00e9pargne de pr\u00e9cautions des agents \u00e9conomiques, donc d\u2019inciter \u00e0 investir les sommes \u00e9pargn\u00e9es\u00bb, a soutenu le diplomate fran\u00e7ais. Pour sa part, le pr\u00e9sident de la commission de l\u2019UEMOA a pris l\u2019engagement pour qu\u2019au terme des trois prochaines ann\u00e9es, le financement soit consomm\u00e9 et ait g\u00e9n\u00e9r\u00e9 des r\u00e9sultats importants.<br \/>Le PACRM comprend trois composantes : l\u2019appui au d\u00e9veloppement de l\u2019Assurance maladie volontaire, l\u2019appui \u00e0 la conception et\/ou \u00e0 la mise en \u0153uvre des strat\u00e9gies nationales d\u2019extension de la couverture du risque maladie, le renforcement des capacit\u00e9s de la direction de la sant\u00e9 et de la protection sociale.<\/p>\n<p class=\"c1\"><strong>Joseph HARO<\/strong><br \/><strong>josephharo4@gmail.com<\/strong><\/p>\n<div class=\"td-a-rec td-a-rec-id-content_bottom td_uid_31_5cc22a51947a8_rand td_block_template_1\"><img loading=\"lazy\" decoding=\"async\" class=\"alignright size-full wp-image-1724\" src=\"https:\/\/www.sidwaya.info\/wp-content\/uploads\/2018\/12\/sidwaya-pub.jpg\" alt=\"\" width=\"720\" height=\"90\"\/><\/div>\n<p>Auteur: DD. Sidwaya<br \/>\n<a href=\"https:\/\/www.sidwaya.info\/blog\/2019\/04\/25\/uemoa-35-milliards-f-cfa-pour-couvrir-le-risque-maladie\/\">Cliquez ici pour lire l&rsquo;article depuis sa source.<\/a><\/p>\n","protected":false},"excerpt":{"rendered":"<p>La commission de l\u2019Union \u00e9conomique et mon\u00e9taire ouest-africaine (UEMOA) et l\u2019Agence fran\u00e7aise de d\u00e9veloppement (AFD) ont sign\u00e9, le jeudi 25 avril 2019 \u00e0 Ouagadougou, l\u2019avenant 1 \u00e0 la convention de financement du projet d\u2019appui \u00e0 l\u2019extension de la couverture du risque maladie. D\u2019un montant global de plus de 3,5 milliards F CFA, le projet a [&hellip;]<\/p>\n","protected":false},"author":1816,"featured_media":0,"comment_status":"closed","ping_status":"closed","sticky":false,"template":"","format":"standard","meta":{"fifu_image_url":"","fifu_image_alt":"","footnotes":""},"categories":[73,81],"tags":[],"class_list":["post-30324","post","type-post","status-publish","format-standard","hentry","category-actualite","category-burkina-faso"],"_links":{"self":[{"href":"https:\/\/linitiative.ca\/International\/wp-json\/wp\/v2\/posts\/30324","targetHints":{"allow":["GET"]}}],"collection":[{"href":"https:\/\/linitiative.ca\/International\/wp-json\/wp\/v2\/posts"}],"about":[{"href":"https:\/\/linitiative.ca\/International\/wp-json\/wp\/v2\/types\/post"}],"author":[{"embeddable":true,"href":"https:\/\/linitiative.ca\/International\/wp-json\/wp\/v2\/users\/1816"}],"replies":[{"embeddable":true,"href":"https:\/\/linitiative.ca\/International\/wp-json\/wp\/v2\/comments?post=30324"}],"version-history":[{"count":0,"href":"https:\/\/linitiative.ca\/International\/wp-json\/wp\/v2\/posts\/30324\/revisions"}],"wp:attachment":[{"href":"https:\/\/linitiative.ca\/International\/wp-json\/wp\/v2\/media?parent=30324"}],"wp:term":[{"taxonomy":"category","embeddable":true,"href":"https:\/\/linitiative.ca\/International\/wp-json\/wp\/v2\/categories?post=30324"},{"taxonomy":"post_tag","embeddable":true,"href":"https:\/\/linitiative.ca\/International\/wp-json\/wp\/v2\/tags?post=30324"}],"curies":[{"name":"wp","href":"https:\/\/api.w.org\/{rel}","templated":true}]}}