{"id":30331,"date":"2019-04-25T15:49:56","date_gmt":"2019-04-25T19:49:56","guid":{"rendered":"https:\/\/linitiative.ca\/International\/visite-du-chef-de-letat-a-abu-dhabi-un-sejour-fructueux-selon-le-president-kabore\/"},"modified":"2019-04-25T15:49:56","modified_gmt":"2019-04-25T19:49:56","slug":"visite-du-chef-de-letat-a-abu-dhabi-un-sejour-fructueux-selon-le-president-kabore","status":"publish","type":"post","link":"https:\/\/linitiative.ca\/International\/visite-du-chef-de-letat-a-abu-dhabi-un-sejour-fructueux-selon-le-president-kabore\/","title":{"rendered":"Visite du chef de l\u2019Etat \u00e0 Abu-Dhabi : un s\u00e9jour \u00abfructueux\u00bb, selon  le pr\u00e9sident Kabor\u00e9"},"content":{"rendered":"<div class=\"td-post-featured-image\"><a href=\"https:\/\/i0.wp.com\/www.sidwaya.info\/wp-content\/uploads\/2019\/04\/1-64.jpg?fit=738%2C493&#038;ssl=1\" data-caption=\"\"><img loading=\"lazy\" decoding=\"async\" width=\"696\" height=\"465\" class=\"entry-thumb td-modal-image\" src=\"https:\/\/i0.wp.com\/www.sidwaya.info\/wp-content\/uploads\/2019\/04\/1-64.jpg?resize=696%2C465&#038;ssl=1\" srcset=\"https:\/\/i0.wp.com\/www.sidwaya.info\/wp-content\/uploads\/2019\/04\/1-64.jpg?w=738&#038;ssl=1 738w, https:\/\/i0.wp.com\/www.sidwaya.info\/wp-content\/uploads\/2019\/04\/1-64.jpg?resize=300%2C200&#038;ssl=1 300w, https:\/\/i0.wp.com\/www.sidwaya.info\/wp-content\/uploads\/2019\/04\/1-64.jpg?resize=696%2C465&#038;ssl=1 696w, https:\/\/i0.wp.com\/www.sidwaya.info\/wp-content\/uploads\/2019\/04\/1-64.jpg?resize=629%2C420&#038;ssl=1 629w\" sizes=\"auto, (max-width: 696px) 100vw, 696px\" alt=\"\" title=\"1\"\/><\/a><\/div>\n<div class=\"td-a-rec td-a-rec-id-content_top td_uid_30_5cc22a669646d_rand td_block_template_1\"><img loading=\"lazy\" decoding=\"async\" class=\"aligncenter size-full wp-image-4463\" src=\"https:\/\/www.sidwaya.info\/wp-content\/uploads\/2019\/02\/FESPACO-TOUR-2019-Bannie%CC%80re-728x90-1.jpg\" alt=\"\" width=\"728\" height=\"90\"\/><\/div>\n<p><strong>Au terme de sa toute premi\u00e8re visite d\u2019amiti\u00e9 et de travail \u00e0 Abu-Dhabi, les 24 et 25 avril 2019, le Pr\u00e9sident du Faso, Roch Marc Christian Kabor\u00e9, a dress\u00e9 un bilan satisfaisant de son s\u00e9jour \u00e9mirati.<\/strong><\/p>\n<p>C\u2019est un s\u00e9jour \u00abbref mais intense et fructueux\u00bb que le Pr\u00e9sident du Faso, Roch Marc Christian Kabor\u00e9, a effectu\u00e9 les 24 et 25 avril 2019 \u00e0 Abu-Dhabi aux Emirats arabes unis. Au terme de cette premi\u00e8re visite d\u2019amiti\u00e9 et de travail \u00e0 l\u2019invitation de son Altesse Sheikh Mohamed bin Zayed Al Nahyan, prince h\u00e9ritier d\u2019Abu-Dhabi, le chef de l\u2019Etat a tir\u00e9 un bilan \u00abtr\u00e8s satisfaisant\u00bb. La rencontre qu\u2019il a eue, d\u00e8s son arriv\u00e9e, avec le prince, a-t-il dit, a permis de faire le point de la coop\u00e9ration entre les pays. \u00abNous avons pris l\u2019engagement de consolider cette coop\u00e9ration. Les Emirats arabes unis, \u00e0 travers le Fonds d\u2019Abu-Dhabi, ont d\u00e9j\u00e0 particip\u00e9 \u00e0 des projets embl\u00e9matiques au Burkina Faso comme la r\u00e9alisation du barrage de Samend\u00e9ni et des routes. A cela, il faut ajouter l\u2019am\u00e9nagement d\u2019une pleine de 1\u00a0800 ha en cours d\u2019\u00e9tude et son Altesse a pris l\u2019engagement de nous accompagner pour la<br \/>r\u00e9alisation de ce projet\u00bb, a soutenu le pr\u00e9sident<br \/>du Faso. L\u2019appui aux Petites et moyennes entreprises (PME) burkinab\u00e8 en vue de favoriser la cr\u00e9ation d\u2019emplois et de richesses chez les femmes et les jeunes a \u00e9galement \u00e9t\u00e9 au menu du s\u00e9jour du pr\u00e9sident. A l\u2019entendre, une mission \u00e9miratie sera d\u00e9p\u00each\u00e9e au Burkina Faso la semaine prochaine pour discuter de la question.<\/p>\n<p>\u00abUn engagement \u00e0 minima a \u00e9t\u00e9 pris pour 10 millions de dollars. Si les choses fonctionnent bien, nos partenaires s\u2019engageront un peu plus dans ce processus\u00bb, a dit Roch Marc Christian Kabor\u00e9. La mission, a-t-il poursuivi, discutera aussi de l\u2019accompagnement d\u2019Abu-Dhabi au projet d\u2019appui aux startups. Par ailleurs, le Burkina Faso b\u00e9n\u00e9ficiera d\u2019un soutien\u00a0sur la base d\u2019une proposition qu\u2019il fera parvenir \u00abincessamment\u00bb aux Emirats arabes unis, en termes d\u2019appuis concernant l\u2019\u00e9ducation et dans le cadre de la gestion des d\u00e9plac\u00e9s du terrorisme et des crises sociales, foi du chef de l\u2019Etat. En somme, a-t-il relev\u00e9, le point de la situation du Burkina Faso a \u00e9t\u00e9 fait et des documents ont \u00e9t\u00e9 remis aux premi\u00e8res autorit\u00e9s \u00e9miraties au titre des besoins d\u2019appuis et d\u2019\u00e9quipements des Forces de d\u00e9fense et de s\u00e9curit\u00e9 (FDS) burkinab\u00e8.<\/p>\n<p><strong>Attirer les investisseurs \u00e9miratis<\/strong><\/p>\n<p>En tant que pr\u00e9sident en exercice du G5 Sahel, Roch Marc Christian Kabor\u00e9 a remerci\u00e9 les Emirats arabes unis pour les 30 millions de dollars mis \u00e0 la disposition de la Force conjointe dont 10 millions d\u00e9j\u00e0 d\u00e9caiss\u00e9s. \u00abNous avons pr\u00e9cis\u00e9 que les contacts seront pris, en liaison avec le commandant en chef des Forces et le Secr\u00e9tariat permanent du G5 Sahel, pour que le reste du d\u00e9caissement soit une r\u00e9alit\u00e9 en vue d\u2019acqu\u00e9rir du mat\u00e9riel, \u00e9tant donn\u00e9 que les moyens dont nous avons besoin ont \u00e9t\u00e9 identifi\u00e9s et les co\u00fbts connus\u00bb, a-t-il fait savoir. Lors de son s\u00e9jour, le pr\u00e9sident Kabor\u00e9 a \u00e9galement eu une s\u00e9ance de travail avec le Fonds d\u2019Abu-Dhabi pour le d\u00e9veloppement au terme de laquelle une convention de financement de l\u2019\u00e9lectrification rurale dans 42 localit\u00e9s des r\u00e9gions des Hauts-Bassins et de la Boucle du Mouhoun a \u00e9t\u00e9 sign\u00e9e.<\/p>\n<p>\u00abLe directeur du Fonds a exprim\u00e9 toute sa disponibilit\u00e9, \u00e9tant donn\u00e9 que c\u2019est son Altesse qui pr\u00e9side les instances du Fonds, pour que les dossiers du Burkina soient examin\u00e9s avec bienveillance\u00bb, a-t-il confi\u00e9. La visite d\u2019amiti\u00e9 et de travail a \u00e9galement conduit le pr\u00e9sident burkinab\u00e8 et sa d\u00e9l\u00e9gation au Monument des martyrs (Oasis de dignit\u00e9) o\u00f9 il a d\u00e9pos\u00e9 une gerbe de fleurs \u00e0 leur m\u00e9moire, et \u00e0 la Grande mosqu\u00e9e d\u2019Abu-Dhabi.<\/p>\n<p>Il reste, selon lui, un travail sur la ratification d\u2019un accord sur la coop\u00e9ration a\u00e9ronautique (d\u00e9j\u00e0 sign\u00e9) et sur un deuxi\u00e8me accord concernant la protection des investissements et la non-double taxation. Ce dernier dossier, a pr\u00e9cis\u00e9 le pr\u00e9sident du Faso, fera l\u2019objet de discussions dans les prochains jours, entre les minist\u00e8res en charge des affaires \u00e9trang\u00e8res et celui des finances des deux pays, \u00abafin d\u2019ouvrir la voie \u00e0 des investissements du secteur priv\u00e9 \u00e9mirati dans notre pays\u00bb. \u00abJ\u2019ai \u00e9galement re\u00e7u des hommes d\u2019affaires et cette premi\u00e8re visite officielle, bien que br\u00e8ve, a \u00e9t\u00e9 efficace. Nous avons \u00e9t\u00e9 re\u00e7us en tant que fr\u00e8res et amis des Emirats, avec la porte ouverte \u00e0 appuyer nos requ\u00eates que nous ferons pour le financement dans diff\u00e9rents domaines\u00bb, a-t-il conclu.<\/p>\n<p class=\"c1\"><strong>Jean-Marie TOE<\/strong><br \/><strong>Depuis Abu-Dhabi<\/strong><br \/><strong>(Emirats Arabes Unis)<\/strong><\/p>\n<div class=\"td-a-rec td-a-rec-id-content_bottom td_uid_31_5cc22a66966e8_rand td_block_template_1\"><img loading=\"lazy\" decoding=\"async\" class=\"alignright size-full wp-image-1724\" src=\"https:\/\/www.sidwaya.info\/wp-content\/uploads\/2018\/12\/sidwaya-pub.jpg\" alt=\"\" width=\"720\" height=\"90\"\/><\/div>\n<p>Auteur: DD. Sidwaya<br \/>\n<a href=\"https:\/\/www.sidwaya.info\/blog\/2019\/04\/25\/visite-du-chef-de-letat-a-abu-dhabi-un-sejour-fructueux-selon-le-president-kabore\/\">Cliquez ici pour lire l&rsquo;article depuis sa source.<\/a><\/p>\n","protected":false},"excerpt":{"rendered":"<p>Au terme de sa toute premi\u00e8re visite d\u2019amiti\u00e9 et de travail \u00e0 Abu-Dhabi, les 24 et 25 avril 2019, le Pr\u00e9sident du Faso, Roch Marc Christian Kabor\u00e9, a dress\u00e9 un bilan satisfaisant de son s\u00e9jour \u00e9mirati. C\u2019est un s\u00e9jour \u00abbref mais intense et fructueux\u00bb que le Pr\u00e9sident du Faso, Roch Marc Christian Kabor\u00e9, a effectu\u00e9 [&hellip;]<\/p>\n","protected":false},"author":1816,"featured_media":0,"comment_status":"closed","ping_status":"closed","sticky":false,"template":"","format":"standard","meta":{"fifu_image_url":"","fifu_image_alt":"","footnotes":""},"categories":[73,81],"tags":[],"class_list":["post-30331","post","type-post","status-publish","format-standard","hentry","category-actualite","category-burkina-faso"],"_links":{"self":[{"href":"https:\/\/linitiative.ca\/International\/wp-json\/wp\/v2\/posts\/30331","targetHints":{"allow":["GET"]}}],"collection":[{"href":"https:\/\/linitiative.ca\/International\/wp-json\/wp\/v2\/posts"}],"about":[{"href":"https:\/\/linitiative.ca\/International\/wp-json\/wp\/v2\/types\/post"}],"author":[{"embeddable":true,"href":"https:\/\/linitiative.ca\/International\/wp-json\/wp\/v2\/users\/1816"}],"replies":[{"embeddable":true,"href":"https:\/\/linitiative.ca\/International\/wp-json\/wp\/v2\/comments?post=30331"}],"version-history":[{"count":0,"href":"https:\/\/linitiative.ca\/International\/wp-json\/wp\/v2\/posts\/30331\/revisions"}],"wp:attachment":[{"href":"https:\/\/linitiative.ca\/International\/wp-json\/wp\/v2\/media?parent=30331"}],"wp:term":[{"taxonomy":"category","embeddable":true,"href":"https:\/\/linitiative.ca\/International\/wp-json\/wp\/v2\/categories?post=30331"},{"taxonomy":"post_tag","embeddable":true,"href":"https:\/\/linitiative.ca\/International\/wp-json\/wp\/v2\/tags?post=30331"}],"curies":[{"name":"wp","href":"https:\/\/api.w.org\/{rel}","templated":true}]}}