{"id":30337,"date":"2019-04-25T15:50:02","date_gmt":"2019-04-25T19:50:02","guid":{"rendered":"https:\/\/linitiative.ca\/International\/les-etats-unis-veulent-asphyxier-cuba-et-punir-son-peuple\/"},"modified":"2019-04-25T15:50:02","modified_gmt":"2019-04-25T19:50:02","slug":"les-etats-unis-veulent-asphyxier-cuba-et-punir-son-peuple","status":"publish","type":"post","link":"https:\/\/linitiative.ca\/International\/les-etats-unis-veulent-asphyxier-cuba-et-punir-son-peuple\/","title":{"rendered":"Les Etats-Unis veulent \u00ab\u00a0asphyxier\u00a0\u00bb Cuba et punir son peuple"},"content":{"rendered":"<div readability=\"32\">\n<p>Publi\u00e9 le 25.04.2019 \u00e0 20h50 par AFP<\/p>\n<\/div>\n<div readability=\"84\">\n<p>Les r\u00e9centes mesures am\u00e9ricaines contre Cuba visent \u00e0 \u00ab\u00a0asphyxier l\u2019\u00e9conomie\u00a0\u00bb de l\u2019\u00eele\u00a0\u00bb et \u00ab\u00a0punir le peuple cubain dans son ensemble\u00a0\u00bb, a d\u00e9nonc\u00e9 jeudi le ministre cubain des Affaires \u00e9trang\u00e8res Bruno Rodriguez.<\/p>\n<p>Washington a d\u00e9cid\u00e9 d\u2019activer \u00e0 partir du 2 mai une loi qui permet des poursuites contre des entreprises \u00e9trang\u00e8res investissant \u00e0 Cuba et de limiter les envois d\u2019argent vers les familles de ce pays.<\/p>\n<p>\u00ab\u00a0L\u2019objectif d\u00e9clar\u00e9 est d\u2019asphyxier l\u2019\u00e9conomie et de punir le peuple cubain dans son ensemble, avec comme finalit\u00e9 d\u2019arracher des concessions politiques \u00e0 notre gouvernement\u00a0\u00bb, a d\u00e9clar\u00e9 le ministre au cours d\u2019une conf\u00e9rence de presse.<\/p>\n<p>\u00ab\u00a0Malgr\u00e9 l\u2019impact \u00e9conomique \u00e9vident que le comportement du gouvernement am\u00e9ricain et ces mesures auront, ils ne pourront faire bouger d\u2019un centim\u00e8tre la ferme d\u00e9termination \u00e0 r\u00e9sister\u00a0\u00bb de Cuba, a-t-il ajout\u00e9.<\/p>\n<p>Washington, qui accuse le gouvernement cubain de soutenir militairement celui de Nicolas Maduro au Venezuela, a multipli\u00e9 ces derniers mois les mises en garde et les sanctions contre l\u2019\u00eele, soumise \u00e0 un embargo am\u00e9ricain depuis 1962.<\/p>\n<p><ins data-revive-zoneid=\"9\" data-revive-id=\"10111e19d28d19d031742ee3b0b33eb0\"\/> <\/p>\n<p>Mercredi, les Etats-Unis ont allong\u00e9, \u00e0 219, la liste des entreprises \u00e0 Cuba avec lesquelles leurs citoyens ont interdiction d\u2019entretenir la moindre relation commerciale. La majeure partie sont dans le secteur touristique et g\u00e9r\u00e9es par des soci\u00e9t\u00e9s mixtes, constitu\u00e9es par l\u2019arm\u00e9e cubaine et des soci\u00e9t\u00e9 \u00e9trang\u00e8res.<\/p>\n<p>Outre les restrictions aux envois d\u2019argent vers Cuba, Washington a aussi r\u00e9duit la validit\u00e9 des visas pour les Cubains souhaitant se rendre aux Etats-Unis, de cinq ans avec entr\u00e9es multiples \u00e0 trois mois et une seule entr\u00e9e possible.<\/p>\n<p>\u00ab\u00a0Ces mesures porteront un grave pr\u00e9judice au secteur priv\u00e9 de l\u2019\u00e9conomie cubaine\u00a0\u00bb, a estim\u00e9 le ministre Bruno Rodriguez, qui a appel\u00e9 la communaut\u00e9 internationale \u00e0 freiner \u00ab\u00a0la folie et l\u2019irresponsabilit\u00e9\u00a0\u00bb du gouvernement Trump.<\/p>\n<p>Actuellement, 13% des travailleurs cubains sont dans le priv\u00e9, une ouverture de l\u2019\u00e9conomie socialiste entam\u00e9e en 2008.<\/p>\n<\/div>\n<p>Auteur: AFP<br \/>\n<a href=\"https:\/\/www.journalducameroun.com\/fr\/les-etats-unis-veulent-asphyxier-cuba-et-punir-son-peuple\/\">Cliquez ici pour lire l&rsquo;article depuis sa source.<\/a><\/p>\n","protected":false},"excerpt":{"rendered":"<p>Publi\u00e9 le 25.04.2019 \u00e0 20h50 par AFP Les r\u00e9centes mesures am\u00e9ricaines contre Cuba visent \u00e0 \u00ab\u00a0asphyxier l\u2019\u00e9conomie\u00a0\u00bb de l\u2019\u00eele\u00a0\u00bb et \u00ab\u00a0punir le peuple cubain dans son ensemble\u00a0\u00bb, a d\u00e9nonc\u00e9 jeudi le ministre cubain des Affaires \u00e9trang\u00e8res Bruno Rodriguez. Washington a d\u00e9cid\u00e9 d\u2019activer \u00e0 partir du 2 mai une loi qui permet des poursuites contre des [&hellip;]<\/p>\n","protected":false},"author":1965,"featured_media":0,"comment_status":"closed","ping_status":"closed","sticky":false,"template":"","format":"standard","meta":{"fifu_image_url":"","fifu_image_alt":"","footnotes":""},"categories":[73,82],"tags":[],"class_list":["post-30337","post","type-post","status-publish","format-standard","hentry","category-actualite","category-cameroun"],"_links":{"self":[{"href":"https:\/\/linitiative.ca\/International\/wp-json\/wp\/v2\/posts\/30337","targetHints":{"allow":["GET"]}}],"collection":[{"href":"https:\/\/linitiative.ca\/International\/wp-json\/wp\/v2\/posts"}],"about":[{"href":"https:\/\/linitiative.ca\/International\/wp-json\/wp\/v2\/types\/post"}],"author":[{"embeddable":true,"href":"https:\/\/linitiative.ca\/International\/wp-json\/wp\/v2\/users\/1965"}],"replies":[{"embeddable":true,"href":"https:\/\/linitiative.ca\/International\/wp-json\/wp\/v2\/comments?post=30337"}],"version-history":[{"count":0,"href":"https:\/\/linitiative.ca\/International\/wp-json\/wp\/v2\/posts\/30337\/revisions"}],"wp:attachment":[{"href":"https:\/\/linitiative.ca\/International\/wp-json\/wp\/v2\/media?parent=30337"}],"wp:term":[{"taxonomy":"category","embeddable":true,"href":"https:\/\/linitiative.ca\/International\/wp-json\/wp\/v2\/categories?post=30337"},{"taxonomy":"post_tag","embeddable":true,"href":"https:\/\/linitiative.ca\/International\/wp-json\/wp\/v2\/tags?post=30337"}],"curies":[{"name":"wp","href":"https:\/\/api.w.org\/{rel}","templated":true}]}}